{"id":2666,"date":"2023-06-01T23:21:00","date_gmt":"2023-06-01T21:21:00","guid":{"rendered":"https:\/\/www.teslaestorage.eu\/tesla-energy-holding-sucastou-jarnej-konferencie-spx\/"},"modified":"2024-10-11T09:44:05","modified_gmt":"2024-10-11T07:44:05","slug":"tesla-energy-holding-sucastou-jarnej-konferencie-spx","status":"publish","type":"post","link":"https:\/\/www.teslaestorage.eu\/pl\/tesla-energy-holding-sucastou-jarnej-konferencie-spx\/","title":{"rendered":"TESLA Energy Holding cz\u0119\u015bci\u0105 wiosennej konferencji SPX"},"content":{"rendered":"\n<p>1 czerwca 2023 r. nasz Chief Commercial Officer, Peter Stan\u010d\u00edk, wzi\u0105\u0142 udzia\u0142 w dyskusji panelowej na temat obecnych i przysz\u0142ych rozwi\u0105za\u0144 bateryjnych w sektorze energetycznym podczas wiosennej konferencji SPX.<\/p>\n\n\n\n<p>Peter Stan\u010d\u00edk na panelu zdoby\u0142 zalety naszych magazyn\u00f3w akumulatorowych i razem z innymi prelegentami omawiali aktualne wyzwania tego sektora. Ich wyst\u0105pienia dotyczy\u0142y kilku kluczowych pyta\u0144 &#8211; dlaczego rozw\u00f3j z instalacj\u0105 BESS na S\u0142owacji r\u00f3\u017cni si\u0119 od innych cz\u0119\u015bci Europy, jakie jest \u015brodowisko prawne dla funkcjonowania system\u00f3w akumulatorowych na S\u0142owacji, ale obejmowa\u0142y r\u00f3wnie\u017c aspekty techniczne i ekonomiczne BESS.<\/p>\n\n\n\n<p>W konferencji wzi\u0119li udzia\u0142 przedstawiciele najwi\u0119kszych firm energetycznych i pad\u0142o wiele ciekawych opinii na temat obecnego stanu s\u0142owackiej energetyki. Cieszymy si\u0119, \u017ce mogli\u015bmy podzieli\u0107 si\u0119 naszym wykwalifikowanym spojrzeniem na ten temat.<\/p>\n","protected":false},"excerpt":{"rendered":"<p>1 czerwca 2023 r. nasz Chief Commercial Officer, Peter Stan\u010d\u00edk, wzi\u0105\u0142 udzia\u0142 w dyskusji panelowej na temat obecnych i przysz\u0142ych rozwi\u0105za\u0144 bateryjnych w sektorze energetycznym podczas wiosennej konferencji SPX. Peter Stan\u010d\u00edk na panelu zdoby\u0142 zalety naszych magazyn\u00f3w akumulatorowych i razem z innymi prelegentami omawiali aktualne wyzwania tego sektora. Ich wyst\u0105pienia dotyczy\u0142y kilku kluczowych pyta\u0144 &#8211; [&hellip;]<\/p>\n","protected":false},"author":2,"featured_media":2200,"comment_status":"open","ping_status":"open","sticky":false,"template":"","format":"standard","meta":{"footnotes":""},"categories":[6],"tags":[],"class_list":["post-2666","post","type-post","status-publish","format-standard","has-post-thumbnail","hentry","category-bez-kategorii"],"acf":[],"_links":{"self":[{"href":"https:\/\/www.teslaestorage.eu\/pl\/wp-json\/wp\/v2\/posts\/2666","targetHints":{"allow":["GET"]}}],"collection":[{"href":"https:\/\/www.teslaestorage.eu\/pl\/wp-json\/wp\/v2\/posts"}],"about":[{"href":"https:\/\/www.teslaestorage.eu\/pl\/wp-json\/wp\/v2\/types\/post"}],"author":[{"embeddable":true,"href":"https:\/\/www.teslaestorage.eu\/pl\/wp-json\/wp\/v2\/users\/2"}],"replies":[{"embeddable":true,"href":"https:\/\/www.teslaestorage.eu\/pl\/wp-json\/wp\/v2\/comments?post=2666"}],"version-history":[{"count":1,"href":"https:\/\/www.teslaestorage.eu\/pl\/wp-json\/wp\/v2\/posts\/2666\/revisions"}],"predecessor-version":[{"id":2775,"href":"https:\/\/www.teslaestorage.eu\/pl\/wp-json\/wp\/v2\/posts\/2666\/revisions\/2775"}],"wp:featuredmedia":[{"embeddable":true,"href":"https:\/\/www.teslaestorage.eu\/pl\/wp-json\/wp\/v2\/media\/2200"}],"wp:attachment":[{"href":"https:\/\/www.teslaestorage.eu\/pl\/wp-json\/wp\/v2\/media?parent=2666"}],"wp:term":[{"taxonomy":"category","embeddable":true,"href":"https:\/\/www.teslaestorage.eu\/pl\/wp-json\/wp\/v2\/categories?post=2666"},{"taxonomy":"post_tag","embeddable":true,"href":"https:\/\/www.teslaestorage.eu\/pl\/wp-json\/wp\/v2\/tags?post=2666"}],"curies":[{"name":"wp","href":"https:\/\/api.w.org\/{rel}","templated":true}]}}