{"id":6863,"date":"2025-02-21T15:40:25","date_gmt":"2025-02-21T14:40:25","guid":{"rendered":"https:\/\/www.teslaestorage.eu\/az-on-partnere-a-fenntarthato-es-megbizhato-energiajovoert\/"},"modified":"2025-04-02T10:16:51","modified_gmt":"2025-04-02T08:16:51","slug":"az-on-partnere-a-fenntarthato-es-megbizhato-energiajovoert","status":"publish","type":"post","link":"https:\/\/www.teslaestorage.eu\/hu\/az-on-partnere-a-fenntarthato-es-megbizhato-energiajovoert\/","title":{"rendered":"Az \u00d6n partnere a fenntarthat\u00f3 \u00e9s megb\u00edzhat\u00f3 energiaj\u00f6v\u0151\u00e9rt"},"content":{"rendered":"\n<p><\/p>\n\n<figure class=\"wp-block-image size-large\"><img loading=\"lazy\" decoding=\"async\" width=\"1024\" height=\"205\" src=\"https:\/\/www.teslaestorage.eu\/wp-content\/uploads\/2025\/02\/tesla-clanok-obrazok-1024x205.png\" alt=\"\" class=\"wp-image-6656\" srcset=\"https:\/\/www.teslaestorage.eu\/wp-content\/uploads\/2025\/02\/tesla-clanok-obrazok-1024x205.png 1024w, https:\/\/www.teslaestorage.eu\/wp-content\/uploads\/2025\/02\/tesla-clanok-obrazok-300x60.png 300w, https:\/\/www.teslaestorage.eu\/wp-content\/uploads\/2025\/02\/tesla-clanok-obrazok-768x154.png 768w, https:\/\/www.teslaestorage.eu\/wp-content\/uploads\/2025\/02\/tesla-clanok-obrazok.png 1500w\" sizes=\"auto, (max-width: 1024px) 100vw, 1024px\" \/><\/figure>\n\n<p>A <strong>TESLA ENERGY GROUP<\/strong> az energiat\u00e1rol\u00f3 rendszerek (BESS) elismert eur\u00f3pai gy\u00e1rt\u00f3ja, amely innovat\u00edv megold\u00e1sokat k\u00edn\u00e1l Eur\u00f3pa-szerte. A magas min\u0151s\u00e9gre, az eur\u00f3pai szabv\u00e1nyok szigor\u00fa betart\u00e1s\u00e1ra \u00e9s az intelligens vez\u00e9rl\u0151rendszerekre fektetve c\u00e9g\u00fcnk kiemelt partnerr\u00e9 v\u00e1lik azon v\u00e1llalatok sz\u00e1m\u00e1ra, amelyek biztos\u00edtani k\u00edv\u00e1nj\u00e1k energiah\u00e1l\u00f3zataik stabilit\u00e1s\u00e1t \u00e9s hat\u00e9konys\u00e1g\u00e1t. <\/p>\n\n<h2 class=\"wp-block-heading\">Az energiapiac \u00e1talak\u00edt\u00e1sa<\/h2>\n\n<p>Az eur\u00f3pai energiapiac jelent\u0151s \u00e1talakul\u00e1son megy kereszt\u00fcl. A fosszilis t\u00fczel\u0151anyagokr\u00f3l a meg\u00fajul\u00f3 energiaforr\u00e1sokra val\u00f3 \u00e1t\u00e1ll\u00e1ssal manaps\u00e1g fontos, hogy olyan rugalmas megold\u00e1sok \u00e1lljanak rendelkez\u00e9sre, amelyek kiegyenl\u00edtik az ell\u00e1t\u00e1si ingadoz\u00e1sokat \u00e9s optimaliz\u00e1lj\u00e1k az energiaeloszt\u00e1st. Technol\u00f3gi\u00e1nk lehet\u0151v\u00e9 teszi a modern rendszerek integr\u00e1l\u00e1s\u00e1t a megl\u00e9v\u0151 h\u00e1l\u00f3zatokba, \u00edgy biztos\u00edtva a zavartalan energia\u00e1tvitelt, minimaliz\u00e1lva az \u00fczemeltet\u00e9si k\u00f6lts\u00e9geket \u00e9s n\u00f6velve az \u00e1ltal\u00e1nos megb\u00edzhat\u00f3s\u00e1got.  <\/p>\n\n<h2 class=\"wp-block-heading\">P\u00e9nz\u00fcgyi \u00f6szt\u00f6nz\u0151k \u00e9s szab\u00e1lyoz\u00e1si t\u00e1mogat\u00e1s<\/h2>\n\n<p>Az olyan kiterjedt eur\u00f3pai alapoknak, mint a Horizon Europe \u00e9s a NextGenerationEU, valamint a nemzeti t\u00e1mogat\u00e1si programoknak k\u00f6sz\u00f6nhet\u0151en ma ide\u00e1lis felt\u00e9telek vannak a modern energetikai megold\u00e1sokba val\u00f3 befektet\u00e9sekhez. Az eur\u00f3pai orsz\u00e1gok jogszab\u00e1lyainak harmoniz\u00e1ci\u00f3ja cs\u00f6kkenti az adminisztrat\u00edv akad\u00e1lyokat, \u00e9s lehet\u0151v\u00e9 teszi rendszereink gyors bevezet\u00e9s\u00e9t. Mindez azt jelenti, hogy a Tesla Energy Group megold\u00e1saiba val\u00f3 befektet\u00e9s nemcsak k\u00f6rnyezeti el\u0151ny\u00f6kkel j\u00e1r, hanem jelent\u0151s gazdas\u00e1gi el\u0151ny\u00f6kkel is j\u00e1r.  <\/p>\n\n<h2 class=\"wp-block-heading\">Technol\u00f3giai innov\u00e1ci\u00f3k a siker \u00e9rdek\u00e9ben<\/h2>\n\n<p>A Tesla Energy Groupn\u00e1l az intelligens vez\u00e9rl\u0151rendszerekre helyezz\u00fck a hangs\u00falyt, amelyek lehet\u0151v\u00e9 teszik az energia\u00e1raml\u00e1s val\u00f3s idej\u0171 nyomon k\u00f6vet\u00e9s\u00e9t \u00e9s optimaliz\u00e1l\u00e1s\u00e1t. Megold\u00e1saink modul\u00e1ris megk\u00f6zel\u00edt\u00e9sre \u00e9p\u00fclnek, ami azt jelenti, hogy k\u00f6nnyen hozz\u00e1igaz\u00edthat\u00f3k az \u00d6n szervezet\u00e9nek egyedi ig\u00e9nyeihez &#8211; legyen sz\u00f3 ipari \u00fczemekr\u0151l, \u00fczleti k\u00f6zpontokr\u00f3l vagy eloszt\u00f3 h\u00e1l\u00f3zatokr\u00f3l. <\/p>\n\n<h3 class=\"wp-block-heading\">Mi\u00e9rt v\u00e1lassza megold\u00e1sainkat?<\/h3>\n\n<ul class=\"wp-block-list\">\n<li><strong>Intelligens energiamenedzsment:<\/strong> Rendszereink fejlett digit\u00e1lis eszk\u00f6z\u00f6ket haszn\u00e1lnak, amelyek biztos\u00edtj\u00e1k az energia\u00e1raml\u00e1sok hat\u00e9kony kiegyenl\u00edt\u00e9s\u00e9t \u00e9s a vesztes\u00e9gek minimaliz\u00e1l\u00e1s\u00e1t.<\/li>\n\n\n\n<li><strong>Rugalmass\u00e1g \u00e9s alkalmazkod\u00f3k\u00e9pess\u00e9g:<\/strong> Megold\u00e1sainkat \u00fagy tervezt\u00fck, hogy k\u00f6nnyen integr\u00e1lhat\u00f3k legyenek a megl\u00e9v\u0151 rendszerekbe, \u00e9s alkalmazkodjanak a v\u00e1ltoz\u00f3 piaci ig\u00e9nyekhez.<\/li>\n\n\n\n<li><strong>Szigor\u00fa szabv\u00e1nyok \u00e9s magas min\u0151s\u00e9g:<\/strong> Ragaszkodunk a legmagasabb eur\u00f3pai szabv\u00e1nyokhoz, amelyek garant\u00e1lj\u00e1k, hogy rendszereink biztons\u00e1gosak, megb\u00edzhat\u00f3ak \u00e9s k\u00e9szek a legig\u00e9nyesebb kih\u00edv\u00e1sokra is.<\/li>\n\n\n\n<li><strong>Gazdas\u00e1gi hat\u00e9konys\u00e1g<\/strong>: A megold\u00e1sainkba val\u00f3 befektet\u00e9s hozz\u00e1j\u00e1rul az energia\u00e1rak hossz\u00fa t\u00e1v\u00fa stabilit\u00e1s\u00e1hoz \u00e9s az \u00fczemeltet\u00e9si k\u00f6lts\u00e9gek cs\u00f6kkent\u00e9s\u00e9hez, ami el\u0151ny\u00f6s az \u00d6n v\u00e1llalkoz\u00e1sa sz\u00e1m\u00e1ra.<\/li>\n<\/ul>\n\n<h2 class=\"wp-block-heading\">A rendszer bevezet\u00e9s\u00e9nek v\u00e1rhat\u00f3 n\u00f6veked\u00e9se<\/h2>\n\n<p>Az al\u00e1bbi szeml\u00e9ltet\u0151 grafikon bemutatja megold\u00e1saink bevezet\u00e9s\u00e9nek v\u00e1rhat\u00f3 n\u00f6veked\u00e9si trendj\u00e9t Eur\u00f3pa-szerte, az \u00e9rt\u00e9kek szeml\u00e9ltet\u0151 jelleg\u0171ek, \u00e9s az innov\u00e1ci\u00f3 \u00e9s az eur\u00f3pai \u00f6szt\u00f6nz\u0151k t\u00e1mogat\u00e1s\u00e1t t\u00fckr\u00f6zik:<\/p>\n\n<svg xmlns=\"http:\/\/www.w3.org\/2000\/svg\" width=\"500\" height=\"300\" style=\"display: block; margin: 0 auto;\">\n  <defs>\n    <lineargradient id=\"blueGradient\" x1=\"0\" y1=\"0\" x2=\"0\" y2=\"1\">\n      <stop offset=\"0%\" stop-color=\"#4facfe\"><\/stop>\n      <stop offset=\"100%\" stop-color=\"#00f2fe\"><\/stop>\n    <\/lineargradient>\n    <filter id=\"dropshadow\" height=\"130%\">\n      <fegaussianblur in=\"SourceAlpha\" stddeviation=\"3\"><\/fegaussianblur>\n      <feoffset dx=\"2\" dy=\"2\" result=\"offsetblur\"><\/feoffset>\n      <femerge> \n         <femergenode><\/femergenode>\n         <femergenode in=\"SourceGraphic\"><\/femergenode>\n      <\/femerge>\n    <\/filter>\n  <\/defs>\n  <style>\n .axis { stroke: #fff; stroke-width: 1; }\n .bar { fill: url(#blueGradient); filter: url(#dropshadow); }\n .label, .value, .title { fill: #fff; font-family: sans-serif; }\n .label { font-size: 14px; text-anchor: middle; }\n .value { font-size: 12px; text-anchor: middle; }\n .title { font-size: 16px; text-anchor: middle; }\n  <\/style>\n  \n  <!-- Titulok grafu -->\n  <text class=\"title\" x=\"250\" y=\"20\">A BESS megval\u00f3s\u00edt\u00e1s\u00e1nak v\u00e1rhat\u00f3 n\u00f6veked\u00e9se<\/text>\n  \n  <!-- Osov\u00e9 \u010diary -->\n  <line class=\"axis\" x1=\"50\" y1=\"250\" x2=\"450\" y2=\"250\"><\/line>\n  <line class=\"axis\" x1=\"50\" y1=\"250\" x2=\"50\" y2=\"50\"><\/line>\n  \n  <!-- 2021: 10% -->\n  <rect class=\"bar\" x=\"75\" y=\"200\" width=\"50\" height=\"50\" rx=\"5\" ry=\"5\"><\/rect>\n  <text class=\"value\" x=\"100\" y=\"230\">10%<\/text>\n  <text class=\"label\" x=\"100\" y=\"265\">2021<\/text>\n  \n  <!-- 2023: 20% -->\n  <rect class=\"bar\" x=\"175\" y=\"150\" width=\"50\" height=\"100\" rx=\"5\" ry=\"5\"><\/rect>\n  <text class=\"value\" x=\"200\" y=\"185\">20%<\/text>\n  <text class=\"label\" x=\"200\" y=\"265\">2023<\/text>\n  \n  <!-- 2025: 30% -->\n  <rect class=\"bar\" x=\"275\" y=\"100\" width=\"50\" height=\"150\" rx=\"5\" ry=\"5\"><\/rect>\n  <text class=\"value\" x=\"300\" y=\"135\">30%<\/text>\n  <text class=\"label\" x=\"300\" y=\"265\">2025<\/text>\n  \n  <!-- 2030: 50% -->\n  <rect class=\"bar\" x=\"375\" y=\"50\" width=\"50\" height=\"200\" rx=\"5\" ry=\"5\"><\/rect>\n  <text class=\"value\" x=\"400\" y=\"85\">50%<\/text>\n  <text class=\"label\" x=\"400\" y=\"265\">2030<\/text>\n<\/svg>\n\n<p>A Tesla Energy Group ide\u00e1lis partnere a fenntarthat\u00f3 energiaj\u00f6v\u0151 fel\u00e9 vezet\u0151 \u00faton. Innovat\u00edv \u00e9s magas sz\u00ednvonal\u00fa megold\u00e1saink, amelyeket az eur\u00f3pai szabv\u00e1nyok szigor\u00fa betart\u00e1sa \u00e9s az integr\u00e1lt digit\u00e1lis rendszerek t\u00e1mogatnak, seg\u00edtenek \u00d6nnek biztos\u00edtani energia-infrastrukt\u00far\u00e1ja stabilit\u00e1s\u00e1t, hat\u00e9konys\u00e1g\u00e1t \u00e9s biztons\u00e1g\u00e1t. Fektessen be olyan megold\u00e1sokba, amelyek nemcsak a dekarboniz\u00e1ci\u00f3hoz j\u00e1rulnak hozz\u00e1, hanem cs\u00f6kkentik a m\u0171k\u00f6d\u00e9si k\u00f6lts\u00e9geket \u00e9s t\u00e1mogatj\u00e1k a hossz\u00fa t\u00e1v\u00fa gazdas\u00e1gi n\u00f6veked\u00e9st.  <\/p>\n\n<p>L\u00e9pjen kapcsolatba vel\u00fcnk m\u00e9g ma, \u00e9s megtudja, hogyan tud a Tesla Energy Group seg\u00edteni az energiak\u00f6rnyezet \u00e1talak\u00edt\u00e1s\u00e1t, \u00e9s hogyan biztos\u00edthat versenyel\u0151nyt a dinamikus eur\u00f3pai piacon.<\/p>\n\n<figure class=\"wp-block-image size-large\"><img loading=\"lazy\" decoding=\"async\" width=\"1024\" height=\"546\" src=\"https:\/\/www.teslaestorage.eu\/wp-content\/uploads\/2025\/02\/banner-na-clanok-1024x546.png\" alt=\"\" class=\"wp-image-6664\" srcset=\"https:\/\/www.teslaestorage.eu\/wp-content\/uploads\/2025\/02\/banner-na-clanok-1024x546.png 1024w, https:\/\/www.teslaestorage.eu\/wp-content\/uploads\/2025\/02\/banner-na-clanok-300x160.png 300w, https:\/\/www.teslaestorage.eu\/wp-content\/uploads\/2025\/02\/banner-na-clanok-768x410.png 768w, https:\/\/www.teslaestorage.eu\/wp-content\/uploads\/2025\/02\/banner-na-clanok.png 1500w\" sizes=\"auto, (max-width: 1024px) 100vw, 1024px\" \/><\/figure>\n","protected":false},"excerpt":{"rendered":"<p>A TESLA ENERGY GROUP az energiat\u00e1rol\u00f3 rendszerek (BESS) elismert eur\u00f3pai gy\u00e1rt\u00f3ja, amely innovat\u00edv megold\u00e1sokat k\u00edn\u00e1l Eur\u00f3pa-szerte. A magas min\u0151s\u00e9gre, az eur\u00f3pai szabv\u00e1nyok szigor\u00fa betart\u00e1s\u00e1ra \u00e9s az intelligens vez\u00e9rl\u0151rendszerekre fektetve c\u00e9g\u00fcnk kiemelt partnerr\u00e9 v\u00e1lik azon v\u00e1llalatok sz\u00e1m\u00e1ra, amelyek biztos\u00edtani k\u00edv\u00e1nj\u00e1k energiah\u00e1l\u00f3zataik stabilit\u00e1s\u00e1t \u00e9s hat\u00e9konys\u00e1g\u00e1t. Az energiapiac \u00e1talak\u00edt\u00e1sa Az eur\u00f3pai energiapiac jelent\u0151s \u00e1talakul\u00e1son megy kereszt\u00fcl. A fosszilis [&hellip;]<\/p>\n","protected":false},"author":3,"featured_media":6685,"comment_status":"open","ping_status":"open","sticky":false,"template":"","format":"standard","meta":{"footnotes":""},"categories":[26],"tags":[],"class_list":["post-6863","post","type-post","status-publish","format-standard","has-post-thumbnail","hentry","category-uncategorized-hu"],"acf":[],"_links":{"self":[{"href":"https:\/\/www.teslaestorage.eu\/hu\/wp-json\/wp\/v2\/posts\/6863","targetHints":{"allow":["GET"]}}],"collection":[{"href":"https:\/\/www.teslaestorage.eu\/hu\/wp-json\/wp\/v2\/posts"}],"about":[{"href":"https:\/\/www.teslaestorage.eu\/hu\/wp-json\/wp\/v2\/types\/post"}],"author":[{"embeddable":true,"href":"https:\/\/www.teslaestorage.eu\/hu\/wp-json\/wp\/v2\/users\/3"}],"replies":[{"embeddable":true,"href":"https:\/\/www.teslaestorage.eu\/hu\/wp-json\/wp\/v2\/comments?post=6863"}],"version-history":[{"count":1,"href":"https:\/\/www.teslaestorage.eu\/hu\/wp-json\/wp\/v2\/posts\/6863\/revisions"}],"predecessor-version":[{"id":6864,"href":"https:\/\/www.teslaestorage.eu\/hu\/wp-json\/wp\/v2\/posts\/6863\/revisions\/6864"}],"wp:featuredmedia":[{"embeddable":true,"href":"https:\/\/www.teslaestorage.eu\/hu\/wp-json\/wp\/v2\/media\/6685"}],"wp:attachment":[{"href":"https:\/\/www.teslaestorage.eu\/hu\/wp-json\/wp\/v2\/media?parent=6863"}],"wp:term":[{"taxonomy":"category","embeddable":true,"href":"https:\/\/www.teslaestorage.eu\/hu\/wp-json\/wp\/v2\/categories?post=6863"},{"taxonomy":"post_tag","embeddable":true,"href":"https:\/\/www.teslaestorage.eu\/hu\/wp-json\/wp\/v2\/tags?post=6863"}],"curies":[{"name":"wp","href":"https:\/\/api.w.org\/{rel}","templated":true}]}}