{"id":6861,"date":"2025-03-25T12:58:35","date_gmt":"2025-03-25T11:58:35","guid":{"rendered":"https:\/\/www.teslaestorage.eu\/az-akkumulatoros-tarolas-megvalositasanak-elonyei-es-gazdasagi-elonyei\/"},"modified":"2025-04-02T10:12:41","modified_gmt":"2025-04-02T08:12:41","slug":"az-akkumulatoros-tarolas-megvalositasanak-elonyei-es-gazdasagi-elonyei","status":"publish","type":"post","link":"https:\/\/www.teslaestorage.eu\/hu\/az-akkumulatoros-tarolas-megvalositasanak-elonyei-es-gazdasagi-elonyei\/","title":{"rendered":"Az akkumul\u00e1toros t\u00e1rol\u00e1s megval\u00f3s\u00edt\u00e1s\u00e1nak el\u0151nyei \u00e9s gazdas\u00e1gi el\u0151nyei"},"content":{"rendered":"\n<p>Az emelked\u0151 energia\u00e1rak, az ell\u00e1t\u00e1s instabilit\u00e1sa \u00e9s az eloszt\u00f3h\u00e1l\u00f3zatra nehezed\u0151 terhek idej\u00e9n az akkumul\u00e1toros t\u00e1rol\u00e1s az egyik leghat\u00e9konyabb megold\u00e1s azon v\u00e1llalatok sz\u00e1m\u00e1ra, amelyek:<\/p>\n\n<ul class=\"wp-block-list\">\n<li>uralni a fogyaszt\u00e1st,<\/li>\n\n\n\n<li>cs\u00f6kkenti az energiak\u00f6lts\u00e9geket,<\/li>\n\n\n\n<li>n\u00f6veli a m\u0171k\u00f6d\u00e9s stabilit\u00e1s\u00e1t,<\/li>\n\n\n\n<li>\u00e9s el\u0151seg\u00edtik a fenntarthat\u00f3s\u00e1got.<\/li>\n<\/ul>\n\n<p><\/p>\n\n<p>A <strong>TESLA ENERGY GROUP<\/strong> v\u00e1llalati \u00fcgyfelei sz\u00e1m\u00e1ra saj\u00e1t gy\u00e1rt\u00e1s\u00fa modul\u00e1ris <a href=\"http:\/\/www.teslaestorage.eu\">akkumul\u00e1tort\u00e1rol\u00f3kat<\/a> k\u00edn\u00e1l, amelyek egyedi ig\u00e9nyeikhez igazodnak \u2013 a kisv\u00e1llalkoz\u00e1sokt\u00f3l a nagy ipari \u00fczemekig.<\/p>\n\n<figure class=\"wp-block-image size-large\"><img loading=\"lazy\" decoding=\"async\" width=\"1024\" height=\"205\" src=\"https:\/\/www.teslaestorage.eu\/wp-content\/uploads\/2025\/02\/tesla-clanok-obrazok-1024x205.png\" alt=\"\" class=\"wp-image-6656\" srcset=\"https:\/\/www.teslaestorage.eu\/wp-content\/uploads\/2025\/02\/tesla-clanok-obrazok-1024x205.png 1024w, https:\/\/www.teslaestorage.eu\/wp-content\/uploads\/2025\/02\/tesla-clanok-obrazok-300x60.png 300w, https:\/\/www.teslaestorage.eu\/wp-content\/uploads\/2025\/02\/tesla-clanok-obrazok-768x154.png 768w, https:\/\/www.teslaestorage.eu\/wp-content\/uploads\/2025\/02\/tesla-clanok-obrazok.png 1500w\" sizes=\"auto, (max-width: 1024px) 100vw, 1024px\" \/><\/figure>\n\n<p><strong>K\u00f6lts\u00e9goptimaliz\u00e1l\u00e1s fogyaszt\u00e1smenedzsmenten kereszt\u00fcl<\/strong><\/p>\n\n<p>Az akkumul\u00e1toros t\u00e1rol\u00e1s egyik legnagyobb el\u0151nye, hogy <strong>optimaliz\u00e1lni tudja az \u00e1ramv\u00e1s\u00e1rl\u00e1st<\/strong>. A cs\u00facsborotv\u00e1lkoz\u00e1s funkci\u00f3 <strong>peak shaving<\/strong> elrejtik a r\u00f6vid t\u00e1v\u00fa keresleti cs\u00facsokat &#8211; ami egy\u00e9bk\u00e9nt jelent\u0151sen megn\u00f6veln\u00e9 a villanysz\u00e1ml\u00e1t. <\/p>\n\n<p><strong>El\u0151ny\u00f6k a c\u00e9gek sz\u00e1m\u00e1ra:<\/strong><\/p>\n\n<ul class=\"wp-block-list\">\n<li>alacsonyabb d\u00edjak a fenntartott teljes\u00edtm\u00e9ny\u00e9rt,<\/li>\n\n\n\n<li>energia v\u00e1s\u00e1rl\u00e1sa alacsony tarif\u00e1k idej\u00e9n,<\/li>\n\n\n\n<li>nagyobb energiahat\u00e9konys\u00e1g.<\/li>\n<\/ul>\n\n<p><\/p>\n\n<p><strong>Modellhelyzet a bemutat\u00e1shoz \u00e9s magyar\u00e1zathoz:<\/strong><\/p>\n\n<p><strong>Modell c\u00e9g:<\/strong><\/p>\n\n<ul class=\"wp-block-list\">\n<li>\u00c9ves fogyaszt\u00e1s: 1.200 MWh<\/li>\n\n\n\n<li>Villany \u00e1ra: 150 \u20ac\/MWh<\/li>\n\n\n\n<li>T\u00e1rol\u00e1s n\u00e9lk\u00fcli k\u00f6lts\u00e9gek: 180 000 \u20ac\/\u00e9v<\/li>\n\n\n\n<li><a href=\"https:\/\/www.teslaestorage.eu\/hu\/produkt\/bess-558\/\">Megval\u00f3s\u00edtott t\u00e1rol\u00e1s: 500 kW \/ 1000 kWh<\/a><\/li>\n<\/ul>\n\n<p><strong>Megtakar\u00edt\u00e1s a BESS telep\u00edt\u00e9se ut\u00e1n:<\/strong><\/p>\n\n<ul class=\"wp-block-list\">\n<li>Energiamegtakar\u00edt\u00e1s: 20% (36 000 \u20ac \u00e9vente)<\/li>\n\n\n\n<li>Teljes\u00edtm\u00e9nyd\u00edj cs\u00f6kkent\u00e9se: 10 000 \u20ac \u00e9vente<\/li>\n\n\n\n<li>\u00d6sszesen: <strong>46 000 \u20ac megtakar\u00edt\u00e1s \u00e9vente<\/strong><\/li>\n\n\n\n<li>Beruh\u00e1z\u00e1s: kb. 230 000 eur\u00f3<\/li>\n<\/ul>\n\n<p><strong>Megt\u00e9r\u00fcl\u00e9si id\u0151: k\u00f6r\u00fclbel\u00fcl 5 \u00e9v<\/strong><\/p>\n\n<p><\/p>\n\n<p><strong>t\u00e1bl\u00e1zat: <a href=\"https:\/\/www.teslaestorage.eu\/hu\/kalkulacka-uspornosti\/\">A beruh\u00e1z\u00e1s megt\u00e9r\u00fcl\u00e9s\u00e9nek sz\u00e1m\u00edt\u00e1sa<\/a><\/strong><\/p>\n\n<figure class=\"wp-block-table\"><table class=\"has-fixed-layout\"><tbody><tr><td><strong>Egy \u00e9v<\/strong><\/td><td><strong>Felhalmozott megtakar\u00edt\u00e1s (\u20ac)<\/strong><\/td><td><strong>Befektet\u00e9s (\u20ac)<\/strong><\/td><\/tr><tr><td>0<\/td><td>0<\/td><td>230 000<\/td><\/tr><tr><td>1<\/td><td>46 000<\/td><td>230 000<\/td><\/tr><tr><td>2<\/td><td>92 000<\/td><td>230 000<\/td><\/tr><tr><td>3<\/td><td>138 000<\/td><td>230 000<\/td><\/tr><tr><td>4<\/td><td>184 000<\/td><td>230 000<\/td><\/tr><tr><td>5<\/td><td>230 000<\/td><td>230 000<\/td><\/tr><tr><td>6<\/td><td>276 000<\/td><td>230 000<\/td><\/tr><\/tbody><\/table><\/figure>\n\n<hr class=\"wp-block-separator has-alpha-channel-opacity\"\/>\n\n<p><\/p>\n\n<p><strong>Esettanulm\u00e1ny: Logisztikai ter\u00fclet + fotovoltaik + akkumul\u00e1tor<\/strong><\/p>\n\n<p>Megrendel\u0151: Logisztikai k\u00f6zpont PV rendszerrel 150 kWp<\/p>\n\n<ul class=\"wp-block-list\">\n<li>Be\u00e9p\u00edtett akkumul\u00e1tor kapacit\u00e1s: 360 kWh<\/li>\n\n\n\n<li>Funkci\u00f3: cs\u00facskorl\u00e1toz\u00e1s, t\u00f6bblett\u00e1rhely, tartal\u00e9k teljes\u00edtm\u00e9ny<\/li>\n\n\n\n<li>Eredm\u00e9ny: a cs\u00facsfogyaszt\u00e1s <strong>32%<\/strong>-os cs\u00f6kken\u00e9se, a sz\u00e1ml\u00e1z\u00e1si k\u00f6lts\u00e9gek cs\u00f6kken\u00e9se<\/li>\n<\/ul>\n\n<p><\/p>\n\n<p><strong>\u00d6sszefoglal\u00f3 a v\u00e1llalatok \u00e9s a fejleszt\u0151k el\u0151nyeir\u0151l<\/strong><\/p>\n\n<p>15-30%-os k\u00f6lts\u00e9gcs\u00f6kkent\u00e9s<\/p>\n\n<ul class=\"wp-block-list\">\n<li>Nagyobb f\u00fcggetlens\u00e9g az eloszt\u00f3h\u00e1l\u00f3zatt\u00f3l<\/li>\n\n\n\n<li>A mintav\u00e9teli cs\u00facsok kiegyenl\u00edt\u00e9se<\/li>\n\n\n\n<li>A befektet\u00e9s gyors megt\u00e9r\u00fcl\u00e9se<\/li>\n\n\n\n<li>Felk\u00e9sz\u00fclts\u00e9g a z\u00f6ld technol\u00f3gi\u00e1kra val\u00f3 \u00e1t\u00e1ll\u00e1sra<\/li>\n<\/ul>\n\n<p><\/p>\n\n<p>A <strong>TESLA ENERGY GROUP<\/strong> megold\u00e1sai a gazdas\u00e1gi el\u0151ny\u00f6ket a technol\u00f3giai megb\u00edzhat\u00f3s\u00e1ggal \u00f6tv\u00f6zik \u2013 \u00e9s hossz\u00fa t\u00e1v\u00fa eszk\u00f6zt jelentenek a v\u00e1llalat energiaell\u00e1t\u00e1s\u00e1nak stabiliz\u00e1l\u00e1s\u00e1ra.<\/p>\n\n<p><strong>Grafikon: A befektet\u00e9s megt\u00e9r\u00fcl\u00e9se a TESLA ENERGY GROUP <a href=\"http:\/\/www.teslaestorage.eu\">BESS<\/a> megold\u00e1s\u00e1ba<\/strong><\/p>\n<div class=\"wp-block-image\">\n<figure class=\"aligncenter size-large\"><img loading=\"lazy\" decoding=\"async\" width=\"1024\" height=\"614\" src=\"https:\/\/www.teslaestorage.eu\/wp-content\/uploads\/2025\/03\/roi_battery_storage_white_text-1-1024x614.png\" alt=\"\" class=\"wp-image-6805\" srcset=\"https:\/\/www.teslaestorage.eu\/wp-content\/uploads\/2025\/03\/roi_battery_storage_white_text-1-1024x614.png 1024w, https:\/\/www.teslaestorage.eu\/wp-content\/uploads\/2025\/03\/roi_battery_storage_white_text-1-300x180.png 300w, https:\/\/www.teslaestorage.eu\/wp-content\/uploads\/2025\/03\/roi_battery_storage_white_text-1-768x461.png 768w, https:\/\/www.teslaestorage.eu\/wp-content\/uploads\/2025\/03\/roi_battery_storage_white_text-1-1536x922.png 1536w, https:\/\/www.teslaestorage.eu\/wp-content\/uploads\/2025\/03\/roi_battery_storage_white_text-1.png 2000w\" sizes=\"auto, (max-width: 1024px) 100vw, 1024px\" \/><\/figure>\n<\/div>\n<figure class=\"wp-block-embed is-type-video is-provider-youtube wp-block-embed-youtube wp-embed-aspect-16-9 wp-has-aspect-ratio\"><div class=\"wp-block-embed__wrapper\">\n<iframe loading=\"lazy\" title=\"MANUFACTURER BESS - TESLA ENERGY GROUP\" width=\"500\" height=\"281\" src=\"https:\/\/www.youtube.com\/embed\/Qa0iZLXL-0w?feature=oembed\" frameborder=\"0\" allow=\"accelerometer; autoplay; clipboard-write; encrypted-media; gyroscope; picture-in-picture; web-share\" referrerpolicy=\"strict-origin-when-cross-origin\" allowfullscreen><\/iframe>\n<\/div><\/figure>\n","protected":false},"excerpt":{"rendered":"<p>Az emelked\u0151 energia\u00e1rak, az ell\u00e1t\u00e1s instabilit\u00e1sa \u00e9s az eloszt\u00f3h\u00e1l\u00f3zatra nehezed\u0151 terhek idej\u00e9n az akkumul\u00e1toros t\u00e1rol\u00e1s az egyik leghat\u00e9konyabb megold\u00e1s azon v\u00e1llalatok sz\u00e1m\u00e1ra, amelyek: A TESLA ENERGY GROUP v\u00e1llalati \u00fcgyfelei sz\u00e1m\u00e1ra saj\u00e1t gy\u00e1rt\u00e1s\u00fa modul\u00e1ris akkumul\u00e1tort\u00e1rol\u00f3kat k\u00edn\u00e1l, amelyek egyedi ig\u00e9nyeikhez igazodnak \u2013 a kisv\u00e1llalkoz\u00e1sokt\u00f3l a nagy ipari \u00fczemekig. K\u00f6lts\u00e9goptimaliz\u00e1l\u00e1s fogyaszt\u00e1smenedzsmenten kereszt\u00fcl Az akkumul\u00e1toros t\u00e1rol\u00e1s egyik legnagyobb el\u0151nye, [&hellip;]<\/p>\n","protected":false},"author":3,"featured_media":6794,"comment_status":"open","ping_status":"open","sticky":false,"template":"","format":"standard","meta":{"footnotes":""},"categories":[26],"tags":[],"class_list":["post-6861","post","type-post","status-publish","format-standard","has-post-thumbnail","hentry","category-uncategorized-hu"],"acf":[],"_links":{"self":[{"href":"https:\/\/www.teslaestorage.eu\/hu\/wp-json\/wp\/v2\/posts\/6861","targetHints":{"allow":["GET"]}}],"collection":[{"href":"https:\/\/www.teslaestorage.eu\/hu\/wp-json\/wp\/v2\/posts"}],"about":[{"href":"https:\/\/www.teslaestorage.eu\/hu\/wp-json\/wp\/v2\/types\/post"}],"author":[{"embeddable":true,"href":"https:\/\/www.teslaestorage.eu\/hu\/wp-json\/wp\/v2\/users\/3"}],"replies":[{"embeddable":true,"href":"https:\/\/www.teslaestorage.eu\/hu\/wp-json\/wp\/v2\/comments?post=6861"}],"version-history":[{"count":1,"href":"https:\/\/www.teslaestorage.eu\/hu\/wp-json\/wp\/v2\/posts\/6861\/revisions"}],"predecessor-version":[{"id":6862,"href":"https:\/\/www.teslaestorage.eu\/hu\/wp-json\/wp\/v2\/posts\/6861\/revisions\/6862"}],"wp:featuredmedia":[{"embeddable":true,"href":"https:\/\/www.teslaestorage.eu\/hu\/wp-json\/wp\/v2\/media\/6794"}],"wp:attachment":[{"href":"https:\/\/www.teslaestorage.eu\/hu\/wp-json\/wp\/v2\/media?parent=6861"}],"wp:term":[{"taxonomy":"category","embeddable":true,"href":"https:\/\/www.teslaestorage.eu\/hu\/wp-json\/wp\/v2\/categories?post=6861"},{"taxonomy":"post_tag","embeddable":true,"href":"https:\/\/www.teslaestorage.eu\/hu\/wp-json\/wp\/v2\/tags?post=6861"}],"curies":[{"name":"wp","href":"https:\/\/api.w.org\/{rel}","templated":true}]}}