{"id":5232,"date":"2025-01-22T13:29:29","date_gmt":"2025-01-22T12:29:29","guid":{"rendered":"https:\/\/www.teslaestorage.eu\/miert-elonyosek-az-energiatarolo-rendszerek-lengyelorszag-szamara\/"},"modified":"2025-01-23T10:21:41","modified_gmt":"2025-01-23T09:21:41","slug":"miert-elonyosek-az-energiatarolo-rendszerek-lengyelorszag-szamara","status":"publish","type":"post","link":"https:\/\/www.teslaestorage.eu\/hu\/miert-elonyosek-az-energiatarolo-rendszerek-lengyelorszag-szamara\/","title":{"rendered":"Mi\u00e9rt el\u0151ny\u00f6sek az energiat\u00e1rol\u00f3 rendszerek Lengyelorsz\u00e1g sz\u00e1m\u00e1ra"},"content":{"rendered":"\n<p><strong><a href=\"http:\/\/www.teslaestorage.eu\">Az energiat\u00e1rol\u00f3<\/a><\/strong> rendszerek a villamosenergia-h\u00e1l\u00f3zat stabiliz\u00e1l\u00e1s\u00e1nak, a meg\u00fajul\u00f3 energiaforr\u00e1sok ar\u00e1ny\u00e1nak n\u00f6vel\u00e9s\u00e9nek \u00e9s az energiaszolg\u00e1ltat\u00e1s biztons\u00e1g\u00e1nak jav\u00edt\u00e1s\u00e1nak egyik leginnovat\u00edvabb \u00e9s leghat\u00e9konyabb eszk\u00f6zei. Lengyelorsz\u00e1g kontextus\u00e1ban, amely \u00e9ppen egy jelent\u0151s energetikai \u00e1talakul\u00e1son megy kereszt\u00fcl, az energiat\u00e1rol\u00f3 rendszerek bevezet\u00e9s\u00e9nek el\u0151nyei k\u00fcl\u00f6n\u00f6sen fontosak. <\/p>\n\n<hr class=\"wp-block-separator has-alpha-channel-opacity\"\/>\n\n<p><strong>1. A villamosenergia-h\u00e1l\u00f3zat stabiliz\u00e1l\u00e1sa<\/strong><br\/>Lengyelorsz\u00e1g gyakran k\u00fczd az energia termel\u00e9s\u00e9ben \u00e9s fogyaszt\u00e1s\u00e1ban tapasztalhat\u00f3 ingadoz\u00e1sokkal. Az energiat\u00e1rol\u00f3 rendszerek lehet\u0151v\u00e9 teszik: <\/p>\n\n<ul class=\"wp-block-list\">\n<li><strong>A kereslet \u00e9s k\u00edn\u00e1lat kiegyens\u00falyoz\u00e1s\u00e1t<\/strong>: Amikor az energia termel\u00e9se meghaladja a keresletet (p\u00e9ld\u00e1ul szeles napokon), a felesleges energia t\u00e1rolhat\u00f3. Ezzel szemben cs\u00facsid\u0151ben, amikor a kereslet meghaladja a k\u00edn\u00e1latot, a t\u00e1rolt energia visszaker\u00fcl a h\u00e1l\u00f3zatba. <\/li>\n\n\n\n<li><strong>Az \u00e1ramsz\u00fcnetek megel\u0151z\u00e9s\u00e9t<\/strong>: A t\u00e1rol\u00f3 rendszerek cs\u00f6kkentik a hirtelen termel\u00e9si vagy fogyaszt\u00e1si v\u00e1ltoz\u00e1sok okozta hib\u00e1k kock\u00e1zat\u00e1t.<br\/><\/li>\n<\/ul>\n\n<figure class=\"wp-block-image size-large\"><img loading=\"lazy\" decoding=\"async\" width=\"1024\" height=\"611\" src=\"https:\/\/www.teslaestorage.eu\/wp-content\/uploads\/2025\/01\/output-graf-2-1024x611.png\" alt=\"\" class=\"wp-image-5138\" srcset=\"https:\/\/www.teslaestorage.eu\/wp-content\/uploads\/2025\/01\/output-graf-2-1024x611.png 1024w, https:\/\/www.teslaestorage.eu\/wp-content\/uploads\/2025\/01\/output-graf-2-300x179.png 300w, https:\/\/www.teslaestorage.eu\/wp-content\/uploads\/2025\/01\/output-graf-2-768x458.png 768w, https:\/\/www.teslaestorage.eu\/wp-content\/uploads\/2025\/01\/output-graf-2-1536x916.png 1536w, https:\/\/www.teslaestorage.eu\/wp-content\/uploads\/2025\/01\/output-graf-2.png 1979w\" sizes=\"auto, (max-width: 1024px) 100vw, 1024px\" \/><\/figure>\n\n<hr class=\"wp-block-separator has-alpha-channel-opacity\"\/>\n\n<p><strong>2. A meg\u00fajul\u00f3 energiaforr\u00e1sok integr\u00e1l\u00e1sa<\/strong><br\/>Lengyelorsz\u00e1g jelent\u0151sen n\u00f6velni k\u00edv\u00e1nja a meg\u00fajul\u00f3 energiaforr\u00e1sok, p\u00e9ld\u00e1ul a sz\u00e9l- \u00e9s naper\u0151m\u0171vek ar\u00e1ny\u00e1t. Ezek az energiaforr\u00e1sok azonban id\u0151j\u00e1r\u00e1sf\u00fcgg\u0151k, ami instabilit\u00e1st okoz. Az energiat\u00e1rol\u00f3 rendszerek megold\u00e1st ny\u00fajtanak:  <\/p>\n\n<ul class=\"wp-block-list\">\n<li><strong>Az energiafelesleg t\u00e1rol\u00e1s\u00e1ra<\/strong>: Amikor a meg\u00fajul\u00f3 energiaforr\u00e1sok t\u00f6bb energi\u00e1t termelnek, mint amennyire sz\u00fcks\u00e9g van, a felesleg t\u00e1rolhat\u00f3 k\u00e9s\u0151bbi felhaszn\u00e1l\u00e1sra.<\/li>\n\n\n\n<li><strong>Az \u00e9jszakai fogyaszt\u00e1s t\u00e1mogat\u00e1s\u00e1ra<\/strong>: A napelemek napk\u00f6zben termelnek energi\u00e1t, mik\u00f6zben a cs\u00facsfogyaszt\u00e1s gyakran az esti \u00f3r\u00e1kra esik. A t\u00e1rol\u00f3 rendszerek lehet\u0151v\u00e9 teszik a napk\u00f6zben termelt energia esti felhaszn\u00e1l\u00e1s\u00e1t. <\/li>\n<\/ul>\n\n<p><\/p>\n\n<hr class=\"wp-block-separator has-alpha-channel-opacity\"\/>\n\n<p><strong>3. Energiaf\u00fcggetlens\u00e9g<\/strong><br\/>Lengyelorsz\u00e1g hagyom\u00e1nyosan sz\u00e9nre \u00e9s orosz g\u00e1zimportra t\u00e1maszkodott, ami sebezhet\u0151v\u00e9 teszi geopolitikai \u00e9s piaci t\u00e9nyez\u0151kkel szemben. Az energiat\u00e1rol\u00f3 rendszerek hozz\u00e1j\u00e1rulhatnak: <\/p>\n\n<ul class=\"wp-block-list\">\n<li><strong>A fosszilis t\u00fczel\u0151anyagokt\u00f3l val\u00f3 f\u00fcgg\u0151s\u00e9g cs\u00f6kkent\u00e9s\u00e9hez<\/strong>: Lehet\u0151v\u00e9 teszik a hazai meg\u00fajul\u00f3 energiaforr\u00e1sok hat\u00e9kony felhaszn\u00e1l\u00e1s\u00e1t.<\/li>\n\n\n\n<li><strong>Az energiabiztons\u00e1g megteremt\u00e9s\u00e9hez<\/strong>: A t\u00e1rol\u00f3 rendszerek t\u00e1mogatj\u00e1k a decentraliz\u00e1lt energiah\u00e1l\u00f3zatok fejleszt\u00e9s\u00e9t, amelyek kev\u00e9sb\u00e9 f\u00fcggnek k\u00fcls\u0151 sz\u00e1ll\u00edt\u00e1sokt\u00f3l.<\/li>\n<\/ul>\n\n<p><\/p>\n\n<hr class=\"wp-block-separator has-alpha-channel-opacity\"\/>\n\n<p><strong>4. Gazdas\u00e1gi el\u0151ny\u00f6k<\/strong><br\/>Az energiat\u00e1rol\u00f3 rendszerek el\u0151seg\u00edthetik Lengyelorsz\u00e1g gazdas\u00e1gi fejl\u0151d\u00e9s\u00e9t:<\/p>\n\n<ul class=\"wp-block-list\">\n<li><strong>A befektet\u0151k vonzerej\u00e9nek n\u00f6vel\u00e9s\u00e9vel<\/strong>: A modern \u00e9s stabil energia-infrastrukt\u00fara vonzza a k\u00fclf\u00f6ldi befektet\u00e9seket, k\u00fcl\u00f6n\u00f6sen a meg\u00fajul\u00f3 energiaforr\u00e1sok \u00e9s technol\u00f3gi\u00e1k ter\u00fclet\u00e9n.<\/li>\n\n\n\n<li><strong>Munkahelyek teremt\u00e9s\u00e9vel<\/strong>: Az energiat\u00e1rol\u00f3 rendszerek \u00e9p\u00edt\u00e9se, m\u0171k\u00f6dtet\u00e9se \u00e9s karbantart\u00e1sa t\u00e1mogatja a technol\u00f3giai \u00e9s energetikai szektor foglalkoztat\u00e1s\u00e1t.<\/li>\n\n\n\n<li><strong>Megtakar\u00edt\u00e1sok a fogyaszt\u00f3k sz\u00e1m\u00e1ra<\/strong>: Az energia\u00e1rak jobb stabiliz\u00e1l\u00e1sa \u00e9s hat\u00e9konyabb eloszt\u00e1sa cs\u00f6kkenti a h\u00e1ztart\u00e1sok \u00e9s v\u00e1llalkoz\u00e1sok energiak\u00f6lts\u00e9geit.<\/li>\n<\/ul>\n\n<p><\/p>\n\n<hr class=\"wp-block-separator has-alpha-channel-opacity\"\/>\n\n<p><strong>5. A kl\u00edmac\u00e9lok t\u00e1mogat\u00e1sa<\/strong><br\/>Lengyelorsz\u00e1g az Eur\u00f3pai Uni\u00f3 c\u00e9lkit\u0171z\u00e9seivel \u00f6sszhangban k\u00f6telezte mag\u00e1t az \u00fcvegh\u00e1zhat\u00e1s\u00fa g\u00e1zok kibocs\u00e1t\u00e1s\u00e1nak cs\u00f6kkent\u00e9s\u00e9re. Az energiat\u00e1rol\u00f3 rendszerek hozz\u00e1j\u00e1rulnak ezeknek a c\u00e9loknak az el\u00e9r\u00e9s\u00e9hez: <\/p>\n\n<ul class=\"wp-block-list\">\n<li><strong>A CO\u2082-kibocs\u00e1t\u00e1s cs\u00f6kkent\u00e9s\u00e9vel<\/strong>: A meg\u00fajul\u00f3 energiaforr\u00e1sokb\u00f3l sz\u00e1rmaz\u00f3 energia hat\u00e9kony t\u00e1rol\u00e1sa cs\u00f6kkenti a sz\u00e9nt\u00fczel\u00e9s\u0171 er\u0151m\u0171vek sz\u00fcks\u00e9gess\u00e9g\u00e9t cs\u00facsid\u0151ben.<\/li>\n\n\n\n<li><strong>A z\u00f6ld technol\u00f3gi\u00e1k t\u00e1mogat\u00e1s\u00e1val<\/strong>: Az energiat\u00e1rol\u00f3 rendszerek kulcsfontoss\u00e1g\u00fa elemei a fenntarthat\u00f3 energia-infrastrukt\u00fara ki\u00e9p\u00edt\u00e9s\u00e9nek.<\/li>\n<\/ul>\n\n<p><\/p>\n\n<hr class=\"wp-block-separator has-alpha-channel-opacity\"\/>\n\n<p><strong>6. Rugalmass\u00e1g a j\u00f6v\u0151re n\u00e9zve<\/strong><br\/>Az energiat\u00e1rol\u00f3 rendszerek sokoldal\u00fa megold\u00e1sok, amelyek alkalmazkodhatnak az energiapiac v\u00e1ltoz\u00f3 ig\u00e9nyeihez:<\/p>\n\n<ul class=\"wp-block-list\">\n<li><strong>Az elektromobilit\u00e1s t\u00e1mogat\u00e1sa<\/strong>: Az elektromos j\u00e1rm\u0171vek sz\u00e1m\u00e1nak n\u00f6veked\u00e9s\u00e9vel az energiat\u00e1rol\u00f3 rendszerek gyors t\u00f6lt\u00e9st \u00e9s h\u00e1l\u00f3zatstabiliz\u00e1l\u00e1st biztos\u00edthatnak.<\/li>\n\n\n\n<li><strong>Energiatartal\u00e9k<\/strong>: V\u00e9szhelyzetekben a t\u00e1rol\u00f3k azonnali energiaforr\u00e1sk\u00e9nt m\u0171k\u00f6dhetnek, n\u00f6velve az energia-infrastrukt\u00fara ellen\u00e1ll\u00f3k\u00e9pess\u00e9g\u00e9t.<\/li>\n<\/ul>\n\n<p><\/p>\n\n<hr class=\"wp-block-separator has-alpha-channel-opacity\"\/>\n\n<p><strong>A TESLA ENERGY GROUP szerepe ebben a folyamatban <\/strong><br\/>A TESLA ENERGY GROUP strat\u00e9giai partnere lehet Lengyelorsz\u00e1gnak az energiat\u00e1rol\u00f3 projektek megval\u00f3s\u00edt\u00e1s\u00e1ban \u00e9s fejleszt\u00e9s\u00e9ben. Szak\u00e9rtelm\u00e9nek, modern technol\u00f3gi\u00e1inak \u00e9s a k\u00f6z\u00e9p-kelet-eur\u00f3pai r\u00e9gi\u00f3ban szerzett tapasztalatainak k\u00f6sz\u00f6nhet\u0151en a v\u00e1llalat az al\u00e1bbiakat k\u00edn\u00e1lja: <\/p>\n\n<ul class=\"wp-block-list\">\n<li><strong>Innovat\u00edv technol\u00f3gi\u00e1k<\/strong>: A TESLA ENERGY GROUP \u00e1ltal tervezett t\u00e1rol\u00f3rendszerek a legmodernebb ir\u00e1ny\u00edt\u00e1si rendszerekkel \u00e9s nagy kapacit\u00e1ssal rendelkeznek, amelyek t\u00e1mogatj\u00e1k a h\u00e1l\u00f3zat stabilit\u00e1s\u00e1t.<\/li>\n\n\n\n<li><strong>Helyi gy\u00e1rt\u00e1s<\/strong>: Eur\u00f3pai gy\u00e1rt\u00f3k\u00e9nt a v\u00e1llalat rugalmasan alkalmazkodhat a lengyel piac saj\u00e1toss\u00e1gaihoz, \u00e9s z\u00f6kken\u0151mentes sz\u00e1ll\u00edt\u00e1st biztos\u00edthat logisztikai korl\u00e1toz\u00e1sok n\u00e9lk\u00fcl.<\/li>\n\n\n\n<li><strong>Teljes k\u00f6r\u0171 t\u00e1mogat\u00e1s<\/strong>: A tervez\u00e9st\u0151l a megval\u00f3s\u00edt\u00e1son \u00e1t a karbantart\u00e1sig a TESLA ENERGY GROUP \u00e1tfog\u00f3 szolg\u00e1ltat\u00e1sokat ny\u00fajt, amelyek minimaliz\u00e1lj\u00e1k a befektet\u0151k kock\u00e1zat\u00e1t.<\/li>\n<\/ul>\n\n<p><\/p>\n\n<hr class=\"wp-block-separator has-alpha-channel-opacity\"\/>\n\n<p><br\/>Az energiat\u00e1rol\u00f3 rendszerek lengyelorsz\u00e1gi \u00e9rt\u00e9kes\u00edt\u00e9se nemcsak az energia stabilit\u00e1s\u00e1t szolg\u00e1lja, hanem hozz\u00e1j\u00e1rul a gazdas\u00e1gi fejl\u0151d\u00e9shez \u00e9s a k\u00f6rnyezetv\u00e9delemhez is. Az \u00faj technol\u00f3gi\u00e1k ir\u00e1nti n\u00f6vekv\u0151 kereslet \u00e9s az Eur\u00f3pai Uni\u00f3 t\u00e1mogat\u00e1sa r\u00e9v\u00e9n az energiat\u00e1rol\u00f3 rendszerek a lengyel energetika j\u00f6v\u0151j\u00e9nek szerves r\u00e9sz\u00e9v\u00e9 v\u00e1lnak. <\/p>\n\n<p>Az olyan tapasztalt partnerekkel val\u00f3 egy\u00fcttm\u0171k\u00f6d\u00e9s, mint a TESLA ENERGY GROUP, seg\u00edtheti Lengyelorsz\u00e1got abban, hogy teljes m\u00e9rt\u00e9kben kihaszn\u00e1lja ezeket a lehet\u0151s\u00e9geket. Szak\u00e9rtelm\u00e9nek, a piacon elfoglalt hely\u00e9nek \u00e9s region\u00e1lis jelenl\u00e9t\u00e9nek k\u00f6sz\u00f6nhet\u0151en a TESLA ENERGY GROUP potenci\u00e1lis kulcsszerepl\u0151v\u00e9 v\u00e1lhat a lengyel piacon, \u00e9s hozz\u00e1j\u00e1rulhat a fenntarthat\u00f3 energia-infrastrukt\u00fara ki\u00e9p\u00edt\u00e9s\u00e9hez az orsz\u00e1gban. <\/p>\n\n<p><\/p>\n\n<figure class=\"wp-block-embed is-type-video is-provider-youtube wp-block-embed-youtube wp-embed-aspect-16-9 wp-has-aspect-ratio\"><div class=\"wp-block-embed__wrapper\"> \n<iframe loading=\"lazy\" title=\"MANUFACTURER BESS - TESLA ENERGY GROUP\" width=\"500\" height=\"281\" src=\"https:\/\/www.youtube.com\/embed\/Qa0iZLXL-0w?feature=oembed\" frameborder=\"0\" allow=\"accelerometer; autoplay; clipboard-write; encrypted-media; gyroscope; picture-in-picture; web-share\" referrerpolicy=\"strict-origin-when-cross-origin\" allowfullscreen><\/iframe>\n <\/div><\/figure>\n\n<p><\/p>\n","protected":false},"excerpt":{"rendered":"<p>Az energiat\u00e1rol\u00f3 rendszerek a villamosenergia-h\u00e1l\u00f3zat stabiliz\u00e1l\u00e1s\u00e1nak, a meg\u00fajul\u00f3 energiaforr\u00e1sok ar\u00e1ny\u00e1nak n\u00f6vel\u00e9s\u00e9nek \u00e9s az energiaszolg\u00e1ltat\u00e1s biztons\u00e1g\u00e1nak jav\u00edt\u00e1s\u00e1nak egyik leginnovat\u00edvabb \u00e9s leghat\u00e9konyabb eszk\u00f6zei. Lengyelorsz\u00e1g kontextus\u00e1ban, amely \u00e9ppen egy jelent\u0151s energetikai \u00e1talakul\u00e1son megy kereszt\u00fcl, az energiat\u00e1rol\u00f3 rendszerek bevezet\u00e9s\u00e9nek el\u0151nyei k\u00fcl\u00f6n\u00f6sen fontosak. 1. A villamosenergia-h\u00e1l\u00f3zat stabiliz\u00e1l\u00e1saLengyelorsz\u00e1g gyakran k\u00fczd az energia termel\u00e9s\u00e9ben \u00e9s fogyaszt\u00e1s\u00e1ban tapasztalhat\u00f3 ingadoz\u00e1sokkal. Az energiat\u00e1rol\u00f3 rendszerek lehet\u0151v\u00e9 [&hellip;]<\/p>\n","protected":false},"author":3,"featured_media":5187,"comment_status":"open","ping_status":"open","sticky":false,"template":"","format":"standard","meta":{"footnotes":""},"categories":[26],"tags":[],"class_list":["post-5232","post","type-post","status-publish","format-standard","has-post-thumbnail","hentry","category-uncategorized-hu"],"acf":[],"_links":{"self":[{"href":"https:\/\/www.teslaestorage.eu\/hu\/wp-json\/wp\/v2\/posts\/5232","targetHints":{"allow":["GET"]}}],"collection":[{"href":"https:\/\/www.teslaestorage.eu\/hu\/wp-json\/wp\/v2\/posts"}],"about":[{"href":"https:\/\/www.teslaestorage.eu\/hu\/wp-json\/wp\/v2\/types\/post"}],"author":[{"embeddable":true,"href":"https:\/\/www.teslaestorage.eu\/hu\/wp-json\/wp\/v2\/users\/3"}],"replies":[{"embeddable":true,"href":"https:\/\/www.teslaestorage.eu\/hu\/wp-json\/wp\/v2\/comments?post=5232"}],"version-history":[{"count":1,"href":"https:\/\/www.teslaestorage.eu\/hu\/wp-json\/wp\/v2\/posts\/5232\/revisions"}],"predecessor-version":[{"id":5233,"href":"https:\/\/www.teslaestorage.eu\/hu\/wp-json\/wp\/v2\/posts\/5232\/revisions\/5233"}],"wp:featuredmedia":[{"embeddable":true,"href":"https:\/\/www.teslaestorage.eu\/hu\/wp-json\/wp\/v2\/media\/5187"}],"wp:attachment":[{"href":"https:\/\/www.teslaestorage.eu\/hu\/wp-json\/wp\/v2\/media?parent=5232"}],"wp:term":[{"taxonomy":"category","embeddable":true,"href":"https:\/\/www.teslaestorage.eu\/hu\/wp-json\/wp\/v2\/categories?post=5232"},{"taxonomy":"post_tag","embeddable":true,"href":"https:\/\/www.teslaestorage.eu\/hu\/wp-json\/wp\/v2\/tags?post=5232"}],"curies":[{"name":"wp","href":"https:\/\/api.w.org\/{rel}","templated":true}]}}