{"id":2665,"date":"2023-06-01T23:21:00","date_gmt":"2023-06-01T21:21:00","guid":{"rendered":"https:\/\/www.teslaestorage.eu\/tesla-energy-holding-sucastou-jarnej-konferencie-spx\/"},"modified":"2024-10-25T11:11:12","modified_gmt":"2024-10-25T09:11:12","slug":"tesla-energy-holding-sucastou-jarnej-konferencie-spx","status":"publish","type":"post","link":"https:\/\/www.teslaestorage.eu\/hu\/tesla-energy-holding-sucastou-jarnej-konferencie-spx\/","title":{"rendered":"A TESLA Energy Holding az SPX Spring konferenci\u00e1j\u00e1n"},"content":{"rendered":"\n<p>2023. j\u00fanius 1-j\u00e9n kereskedelmi igazgat\u00f3nk, Peter Stan\u010d\u00edk r\u00e9szt vett az SPX tavaszi konferenci\u00e1j\u00e1n az energiaszektor akkumul\u00e1tormegold\u00e1sainak jelen\u00e9r\u0151l \u00e9s j\u00f6v\u0151j\u00e9r\u0151l sz\u00f3l\u00f3 panelbesz\u00e9lget\u00e9sen.<\/p>\n\n\n\n<p>Peter Stan\u010d\u00edk a panelen kiemelte akszvedeteink benne rejlik; \u00e9s k\u00f6z\u00f6sen a t\u00f6bbi r\u00e9sztvev\u0151vel vitatkoztak az \u00e1gazat aktu\u00e1lis kih\u00edv\u00e1sair\u00f3l. A hozz\u00e1sz\u00f3l\u00e1saik sz\u00e1mos kulcsk\u00e9rd\u00e9st \u00e9rintettek &#8211; hogy mi\u00e9rt m\u00e1s a BESS telep\u00edt\u00e9si fejlem\u00e9ny Szlov\u00e1ki\u00e1ban, mint Eur\u00f3pa m\u00e1s r\u00e9szein, milyen jogi k\u00f6rnyezet van a batteria rendszerek m\u0171k\u00f6d\u00e9s\u00e9hez Szlov\u00e1ki\u00e1ban, de \u00e9rintett\u00e9k a BESS technikai \u00e9s gazdas\u00e1gi szempontjait is.<\/p>\n\n\n\n<p>A konferenci\u00e1n nagy energiav\u00e1llalatok k\u00e9pvisel\u0151i vettek r\u00e9szt, \u00e9s sok \u00e9rdekes v\u00e9lem\u00e9ny hangzott el a szlov\u00e1k energia jelenlegi helyzet\u00e9r\u0151l. \u00d6r\u00fcl\u00fcnk, hogy hozz\u00e1 tudtunk j\u00e1rulni a t\u00e9m\u00e1val kapcsolatos min\u0151s\u00edtett n\u00e9z\u0151pontunkhoz.<\/p>\n","protected":false},"excerpt":{"rendered":"<p>2023. j\u00fanius 1-j\u00e9n kereskedelmi igazgat\u00f3nk, Peter Stan\u010d\u00edk r\u00e9szt vett az SPX tavaszi konferenci\u00e1j\u00e1n az energiaszektor akkumul\u00e1tormegold\u00e1sainak jelen\u00e9r\u0151l \u00e9s j\u00f6v\u0151j\u00e9r\u0151l sz\u00f3l\u00f3 panelbesz\u00e9lget\u00e9sen. Peter Stan\u010d\u00edk a panelen kiemelte akszvedeteink benne rejlik; \u00e9s k\u00f6z\u00f6sen a t\u00f6bbi r\u00e9sztvev\u0151vel vitatkoztak az \u00e1gazat aktu\u00e1lis kih\u00edv\u00e1sair\u00f3l. A hozz\u00e1sz\u00f3l\u00e1saik sz\u00e1mos kulcsk\u00e9rd\u00e9st \u00e9rintettek &#8211; hogy mi\u00e9rt m\u00e1s a BESS telep\u00edt\u00e9si fejlem\u00e9ny Szlov\u00e1ki\u00e1ban, mint Eur\u00f3pa [&hellip;]<\/p>\n","protected":false},"author":2,"featured_media":2199,"comment_status":"open","ping_status":"open","sticky":false,"template":"","format":"standard","meta":{"footnotes":""},"categories":[26],"tags":[],"class_list":["post-2665","post","type-post","status-publish","format-standard","has-post-thumbnail","hentry","category-uncategorized-hu"],"acf":[],"_links":{"self":[{"href":"https:\/\/www.teslaestorage.eu\/hu\/wp-json\/wp\/v2\/posts\/2665","targetHints":{"allow":["GET"]}}],"collection":[{"href":"https:\/\/www.teslaestorage.eu\/hu\/wp-json\/wp\/v2\/posts"}],"about":[{"href":"https:\/\/www.teslaestorage.eu\/hu\/wp-json\/wp\/v2\/types\/post"}],"author":[{"embeddable":true,"href":"https:\/\/www.teslaestorage.eu\/hu\/wp-json\/wp\/v2\/users\/2"}],"replies":[{"embeddable":true,"href":"https:\/\/www.teslaestorage.eu\/hu\/wp-json\/wp\/v2\/comments?post=2665"}],"version-history":[{"count":2,"href":"https:\/\/www.teslaestorage.eu\/hu\/wp-json\/wp\/v2\/posts\/2665\/revisions"}],"predecessor-version":[{"id":3312,"href":"https:\/\/www.teslaestorage.eu\/hu\/wp-json\/wp\/v2\/posts\/2665\/revisions\/3312"}],"wp:featuredmedia":[{"embeddable":true,"href":"https:\/\/www.teslaestorage.eu\/hu\/wp-json\/wp\/v2\/media\/2199"}],"wp:attachment":[{"href":"https:\/\/www.teslaestorage.eu\/hu\/wp-json\/wp\/v2\/media?parent=2665"}],"wp:term":[{"taxonomy":"category","embeddable":true,"href":"https:\/\/www.teslaestorage.eu\/hu\/wp-json\/wp\/v2\/categories?post=2665"},{"taxonomy":"post_tag","embeddable":true,"href":"https:\/\/www.teslaestorage.eu\/hu\/wp-json\/wp\/v2\/tags?post=2665"}],"curies":[{"name":"wp","href":"https:\/\/api.w.org\/{rel}","templated":true}]}}