{"id":2660,"date":"2023-06-07T10:49:00","date_gmt":"2023-06-07T08:49:00","guid":{"rendered":"https:\/\/www.teslaestorage.eu\/ahoj-svet\/"},"modified":"2024-10-25T11:11:07","modified_gmt":"2024-10-25T09:11:07","slug":"ahoj-svet","status":"publish","type":"post","link":"https:\/\/www.teslaestorage.eu\/hu\/ahoj-svet\/","title":{"rendered":"A TESLA Energy Holding a Smart Energy Forum 2023 rendezv\u00e9nyen Pr\u00e1g\u00e1ban."},"content":{"rendered":"\n<p>A pr\u00e1gai Smart Energy Forum 2023 nemcsak a meg\u00fajul\u00f3 energia leg\u00fajabb trendjeit mutatta be, hanem lehet\u0151v\u00e9 tette az olyan v\u00e1llalatok sz\u00e1m\u00e1ra, mint a Tesla Energy Holding, hogy bemutass\u00e1k innovat\u00edv term\u00e9keiket \u00e9s technol\u00f3gi\u00e1ikat, amelyek az energiafelfordul\u00e1s kulcsfontoss\u00e1g\u00fa r\u00e9sz\u00e9t k\u00e9pezik. Az esem\u00e9ny egyik f\u0151 ki\u00e1ll\u00edt\u00f3ja a Tesla Energy Holding volt, amely az energiaszektor innov\u00e1ci\u00f3j\u00e1nak ipar\u00e1gi vezet\u0151je. El\u0151ad\u00e1s\u00e1ban sz\u00e1mos akkumul\u00e1toros t\u00e1rol\u00f3t mutattak be, amelyek nemcsak hat\u00e9kony energiat\u00e1rol\u00e1si lehet\u0151s\u00e9geket k\u00edn\u00e1lnak, hanem fontos szerepet j\u00e1tszanak a fenntarthat\u00f3 energia el\u0151mozd\u00edt\u00e1s\u00e1ban is.<\/p>\n\n\n\n<p>Az \u00e9rdekl\u0151d\u00e9s k\u00f6z\u00e9ppontj\u00e1ban a Gama 233 t\u00e1rol\u00f3 volt, amely impoz\u00e1ns, 233 kWh kapacit\u00e1st \u00e9s 100 kW teljes\u00edtm\u00e9nyt k\u00edn\u00e1l. A CATL LiFePO4 akkumul\u00e1torok, a folyad\u00e9kh\u0171t\u00e9s \u00e9s az IP54 v\u00e9delmi fokozattal a Gama 233 technol\u00f3giailag fejlett eszk\u00f6z, amely a Tesla cs\u00facsk\u00edn\u00e1lat\u00e1t k\u00e9pviseli. A Gama 233 nemcsak a technol\u00f3giai fejl\u0151d\u00e9st szimboliz\u00e1lja, hanem kiemeli a Tesla k\u00e9pess\u00e9g\u00e9t, hogy piacra hozzon olyan innov\u00e1ci\u00f3kat, amelyek kombin\u00e1lj\u00e1k a robusztuss\u00e1got, biztons\u00e1got \u00e9s magas teljes\u00edtm\u00e9nyt.<\/p>\n\n\n\n<figure class=\"wp-block-image size-large\"><img loading=\"lazy\" decoding=\"async\" width=\"1024\" height=\"683\" src=\"https:\/\/www.teslaestorage.eu\/wp-content\/uploads\/2024\/07\/TESLA-007-M-1536x1024-1-1024x683.jpg\" alt=\"\" class=\"wp-image-1161\" srcset=\"https:\/\/www.teslaestorage.eu\/wp-content\/uploads\/2024\/07\/TESLA-007-M-1536x1024-1-1024x683.jpg 1024w, https:\/\/www.teslaestorage.eu\/wp-content\/uploads\/2024\/07\/TESLA-007-M-1536x1024-1-300x200.jpg 300w, https:\/\/www.teslaestorage.eu\/wp-content\/uploads\/2024\/07\/TESLA-007-M-1536x1024-1-768x512.jpg 768w, https:\/\/www.teslaestorage.eu\/wp-content\/uploads\/2024\/07\/TESLA-007-M-1536x1024-1.jpg 1536w\" sizes=\"auto, (max-width: 1024px) 100vw, 1024px\" \/><\/figure>\n\n\n\n<p>Az ALFA 45, az egyik kiemelten bemutatott akkumul\u00e1tor-t\u00e1rol\u00f3, kiv\u00e1l\u00f3 p\u00e9ld\u00e1ja a technol\u00f3giai fejl\u0151d\u00e9snek. 45 kWh kapacit\u00e1ssal \u00e9s 22 kW teljes\u00edtm\u00e9nnyel hat\u00e9kony megold\u00e1st ny\u00fajt az ipari felhaszn\u00e1l\u00e1s \u00e9s k\u00fcl\u00f6nb\u00f6z\u0151 kereskedelmi szerepl\u0151k sz\u00e1m\u00e1ra. Az ezt a t\u00e1rol\u00f3t egyediv\u00e9 tev\u0151 t\u00e9nyez\u0151 az a DEYE akkumul\u00e1torok haszn\u00e1lata, amelyek a LiFePO4 technol\u00f3gi\u00e1ra \u00e9p\u00fclnek. Ez a technol\u00f3gia nem csak magas teljes\u00edtm\u00e9nyt biztos\u00edt, hanem hossz\u00fa akkumul\u00e1tor-\u00e9lettartamot \u00e9s biztons\u00e1gos m\u0171k\u00f6d\u00e9st is garant\u00e1l. A Tesla standj\u00e1n a ki\u00e1ll\u00edt\u00e1son m\u00e1s akkumul\u00e1tor-t\u00e1rol\u00f3k is bemutatkoztak, mint p\u00e9ld\u00e1ul a Myrtillo \u00e9s az Agave TH, amelyek sz\u00e9les k\u00f6r\u0171 alkalmaz\u00e1st k\u00edn\u00e1lnak h\u00e1ztart\u00e1sokban vagy kev\u00e9sb\u00e9 ig\u00e9nyes felhaszn\u00e1l\u00e1si ter\u00fcleteken.<\/p>\n\n\n\n<figure class=\"wp-block-image size-large\"><img loading=\"lazy\" decoding=\"async\" width=\"1024\" height=\"683\" src=\"https:\/\/www.teslaestorage.eu\/wp-content\/uploads\/2024\/07\/TESLA-077-M-1536x1024-1-1024x683.jpg\" alt=\"\" class=\"wp-image-1162\" srcset=\"https:\/\/www.teslaestorage.eu\/wp-content\/uploads\/2024\/07\/TESLA-077-M-1536x1024-1-1024x683.jpg 1024w, https:\/\/www.teslaestorage.eu\/wp-content\/uploads\/2024\/07\/TESLA-077-M-1536x1024-1-300x200.jpg 300w, https:\/\/www.teslaestorage.eu\/wp-content\/uploads\/2024\/07\/TESLA-077-M-1536x1024-1-768x512.jpg 768w, https:\/\/www.teslaestorage.eu\/wp-content\/uploads\/2024\/07\/TESLA-077-M-1536x1024-1.jpg 1536w\" sizes=\"auto, (max-width: 1024px) 100vw, 1024px\" \/><\/figure>\n\n\n\n<p><strong>A konferencia programja:<\/strong><\/p>\n\n\n\n<p>A konferencia programja sz\u00e1mos kulcsfontoss\u00e1g\u00fa tematikus blokkot tartalmazott, amelyek t\u00fckr\u00f6zt\u00e9k az energiaipar aktu\u00e1lis trendjeit.<\/p>\n\n\n\n<p>A f\u0151 blokkok a k\u00f6vetkez\u0151k voltak:<\/p>\n\n\n\n<ol start=\"1\" class=\"wp-block-list\">\n<li>A fotovoltaika, az energiat\u00e1rol\u00e1s \u00e9s a decentraliz\u00e1lt energia f\u0151 trendjei<\/li>\n\n\n\n<li>\u00daj \u00fczleti modellek \u00e9s trendek<\/li>\n\n\n\n<li>A t\u00e1rol\u00f3akkumul\u00e1toros \u00e9s fotovoltaikus rendszerek m\u0171k\u00f6d\u00e9s\u00e9nek min\u0151s\u00e9ge \u00e9s biztons\u00e1ga<\/li>\n\n\n\n<li>Agrovoltaika, \u00fasz\u00f3 naper\u0151m\u0171vek<\/li>\n\n\n\n<li>\u00daj Power-X technol\u00f3gi\u00e1k \u00e9s szezon\u00e1lis energiat\u00e1rol\u00e1s \u2013 gyakorlati \u00fczleti tanulm\u00e1nyok<\/li>\n\n\n\n<li>Aukci\u00f3k vs. HTM-szerz\u0151d\u00e9sek \u2013 mi ind\u00edtja \u00fajra a fotovoltaikus fellend\u00fcl\u00e9st Csehorsz\u00e1gban?<\/li>\n\n\n\n<li>\u00daj jogszab\u00e1lyok, t\u00e1mogat\u00e1sok \u00e9s \u00faj projektek finansz\u00edroz\u00e1sa<\/li>\n<\/ol>\n\n\n\n<p>A konferencia kiv\u00e1l\u00f3 el\u0151ad\u00f3k bemutat\u00f3it foglalta mag\u00e1ban, mint p\u00e9ld\u00e1ul Radovan Kope\u010dek, a ISC Konstanz Advanced Cell Concepts igazgat\u00f3ja, \u00e9s Petr Hlad\u00edk, az K\u00f6rnyezetv\u00e9delmi Miniszt\u00e9rium minisztere. A vit\u00e1k \u00e9s a h\u00e1l\u00f3zat\u00e9p\u00edt\u00e9s fontos r\u00e9sz\u00e9t k\u00e9pezt\u00e9k, amely lehet\u0151v\u00e9 tette a szakembereknek \u00e9s menedzsereknek, hogy megossz\u00e1k tapasztalataikat \u00e9s \u00fajdons\u00e1gaikat. A konferencia leford\u00edt\u00e1sa a cseh \u00e9s angol nyelvre lehet\u0151v\u00e9 tette a r\u00e9sztvev\u0151k maxim\u00e1lis bevon\u00e1s\u00e1t nyelvi akad\u00e1lyok n\u00e9lk\u00fcl. A panelbesz\u00e9lget\u00e9sek sor\u00e1n a szakemberek a fotovoltaika fejl\u0151d\u00e9s\u00e9nek f\u0151 t\u00e9nyez\u0151i, az \u00fczleti modellek Eur\u00f3p\u00e1ban, a technol\u00f3gi\u00e1k hat\u00e1sa a fotovoltaika j\u00f6v\u0151j\u00e9re \u00e9s a kil\u00e1t\u00e1sok az \u00e1rk\u00f6lts\u00e9g-p\u00e1rhuzamos korban ir\u00e1nt \u00e9rdekl\u0151dtek.<\/p>\n\n\n\n<figure class=\"wp-block-gallery has-nested-images columns-default is-cropped wp-block-gallery-1 is-layout-flex wp-block-gallery-is-layout-flex\">\n<figure class=\"wp-block-image size-large\"><img loading=\"lazy\" decoding=\"async\" width=\"1024\" height=\"683\" data-id=\"1172\" src=\"https:\/\/www.teslaestorage.eu\/wp-content\/uploads\/2024\/07\/TESLA-003-M-1024x683.jpg\" alt=\"\" class=\"wp-image-1172\" srcset=\"https:\/\/www.teslaestorage.eu\/wp-content\/uploads\/2024\/07\/TESLA-003-M-1024x683.jpg 1024w, https:\/\/www.teslaestorage.eu\/wp-content\/uploads\/2024\/07\/TESLA-003-M-300x200.jpg 300w, https:\/\/www.teslaestorage.eu\/wp-content\/uploads\/2024\/07\/TESLA-003-M-768x512.jpg 768w, https:\/\/www.teslaestorage.eu\/wp-content\/uploads\/2024\/07\/TESLA-003-M-1536x1024.jpg 1536w, https:\/\/www.teslaestorage.eu\/wp-content\/uploads\/2024\/07\/TESLA-003-M.jpg 2048w\" sizes=\"auto, (max-width: 1024px) 100vw, 1024px\" \/><\/figure>\n\n\n\n<figure class=\"wp-block-image size-large\"><img loading=\"lazy\" decoding=\"async\" width=\"1024\" height=\"683\" data-id=\"1166\" src=\"https:\/\/www.teslaestorage.eu\/wp-content\/uploads\/2024\/07\/TESLA-021-M-1024x683.jpg\" alt=\"\" class=\"wp-image-1166\" srcset=\"https:\/\/www.teslaestorage.eu\/wp-content\/uploads\/2024\/07\/TESLA-021-M-1024x683.jpg 1024w, https:\/\/www.teslaestorage.eu\/wp-content\/uploads\/2024\/07\/TESLA-021-M-300x200.jpg 300w, https:\/\/www.teslaestorage.eu\/wp-content\/uploads\/2024\/07\/TESLA-021-M-768x512.jpg 768w, https:\/\/www.teslaestorage.eu\/wp-content\/uploads\/2024\/07\/TESLA-021-M-1536x1024.jpg 1536w, https:\/\/www.teslaestorage.eu\/wp-content\/uploads\/2024\/07\/TESLA-021-M.jpg 2048w\" sizes=\"auto, (max-width: 1024px) 100vw, 1024px\" \/><\/figure>\n\n\n\n<figure data-wp-context=\"{&quot;imageId&quot;:&quot;69f4ef0c0dc25&quot;}\" data-wp-interactive=\"core\/image\" data-wp-key=\"69f4ef0c0dc25\" class=\"wp-block-image size-large is-style-default wp-lightbox-container\"><img loading=\"lazy\" decoding=\"async\" width=\"1024\" height=\"683\" data-wp-class--hide=\"state.isContentHidden\" data-wp-class--show=\"state.isContentVisible\" data-wp-init=\"callbacks.setButtonStyles\" data-wp-on--click=\"actions.showLightbox\" data-wp-on--load=\"callbacks.setButtonStyles\" data-wp-on-window--resize=\"callbacks.setButtonStyles\" data-id=\"1169\" src=\"https:\/\/www.teslaestorage.eu\/wp-content\/uploads\/2024\/07\/TESLA-022-M-1024x683.jpg\" alt=\"\" class=\"wp-image-1169\" srcset=\"https:\/\/www.teslaestorage.eu\/wp-content\/uploads\/2024\/07\/TESLA-022-M-1024x683.jpg 1024w, https:\/\/www.teslaestorage.eu\/wp-content\/uploads\/2024\/07\/TESLA-022-M-300x200.jpg 300w, https:\/\/www.teslaestorage.eu\/wp-content\/uploads\/2024\/07\/TESLA-022-M-768x512.jpg 768w, https:\/\/www.teslaestorage.eu\/wp-content\/uploads\/2024\/07\/TESLA-022-M-1536x1024.jpg 1536w, https:\/\/www.teslaestorage.eu\/wp-content\/uploads\/2024\/07\/TESLA-022-M.jpg 2048w\" sizes=\"auto, (max-width: 1024px) 100vw, 1024px\" \/><button\n\t\t\tclass=\"lightbox-trigger\"\n\t\t\ttype=\"button\"\n\t\t\taria-haspopup=\"dialog\"\n\t\t\taria-label=\"Nagy\u00edt\u00e1s\"\n\t\t\tdata-wp-init=\"callbacks.initTriggerButton\"\n\t\t\tdata-wp-on--click=\"actions.showLightbox\"\n\t\t\tdata-wp-style--right=\"state.imageButtonRight\"\n\t\t\tdata-wp-style--top=\"state.imageButtonTop\"\n\t\t>\n\t\t\t<svg xmlns=\"http:\/\/www.w3.org\/2000\/svg\" width=\"12\" height=\"12\" fill=\"none\" viewBox=\"0 0 12 12\">\n\t\t\t\t<path fill=\"#fff\" d=\"M2 0a2 2 0 0 0-2 2v2h1.5V2a.5.5 0 0 1 .5-.5h2V0H2Zm2 10.5H2a.5.5 0 0 1-.5-.5V8H0v2a2 2 0 0 0 2 2h2v-1.5ZM8 12v-1.5h2a.5.5 0 0 0 .5-.5V8H12v2a2 2 0 0 1-2 2H8Zm2-12a2 2 0 0 1 2 2v2h-1.5V2a.5.5 0 0 0-.5-.5H8V0h2Z\" \/>\n\t\t\t<\/svg>\n\t\t<\/button><\/figure>\n\n\n\n<figure class=\"wp-block-image size-large\"><img loading=\"lazy\" decoding=\"async\" width=\"1024\" height=\"683\" data-id=\"1164\" src=\"https:\/\/www.teslaestorage.eu\/wp-content\/uploads\/2024\/07\/TESLA-036-M-1024x683.jpg\" alt=\"\" class=\"wp-image-1164\" srcset=\"https:\/\/www.teslaestorage.eu\/wp-content\/uploads\/2024\/07\/TESLA-036-M-1024x683.jpg 1024w, https:\/\/www.teslaestorage.eu\/wp-content\/uploads\/2024\/07\/TESLA-036-M-300x200.jpg 300w, https:\/\/www.teslaestorage.eu\/wp-content\/uploads\/2024\/07\/TESLA-036-M-768x512.jpg 768w, https:\/\/www.teslaestorage.eu\/wp-content\/uploads\/2024\/07\/TESLA-036-M-1536x1024.jpg 1536w, https:\/\/www.teslaestorage.eu\/wp-content\/uploads\/2024\/07\/TESLA-036-M.jpg 2048w\" sizes=\"auto, (max-width: 1024px) 100vw, 1024px\" \/><\/figure>\n\n\n\n<figure class=\"wp-block-image size-large\"><img loading=\"lazy\" decoding=\"async\" width=\"1024\" height=\"683\" data-id=\"1168\" src=\"https:\/\/www.teslaestorage.eu\/wp-content\/uploads\/2024\/07\/TESLA-049-M-1024x683.jpg\" alt=\"\" class=\"wp-image-1168\" srcset=\"https:\/\/www.teslaestorage.eu\/wp-content\/uploads\/2024\/07\/TESLA-049-M-1024x683.jpg 1024w, https:\/\/www.teslaestorage.eu\/wp-content\/uploads\/2024\/07\/TESLA-049-M-300x200.jpg 300w, https:\/\/www.teslaestorage.eu\/wp-content\/uploads\/2024\/07\/TESLA-049-M-768x512.jpg 768w, https:\/\/www.teslaestorage.eu\/wp-content\/uploads\/2024\/07\/TESLA-049-M-1536x1024.jpg 1536w, https:\/\/www.teslaestorage.eu\/wp-content\/uploads\/2024\/07\/TESLA-049-M.jpg 2048w\" sizes=\"auto, (max-width: 1024px) 100vw, 1024px\" \/><\/figure>\n\n\n\n<figure class=\"wp-block-image size-large\"><img loading=\"lazy\" decoding=\"async\" width=\"1024\" height=\"683\" data-id=\"1170\" src=\"https:\/\/www.teslaestorage.eu\/wp-content\/uploads\/2024\/07\/TESLA-075-M-1024x683.jpg\" alt=\"\" class=\"wp-image-1170\" srcset=\"https:\/\/www.teslaestorage.eu\/wp-content\/uploads\/2024\/07\/TESLA-075-M-1024x683.jpg 1024w, https:\/\/www.teslaestorage.eu\/wp-content\/uploads\/2024\/07\/TESLA-075-M-300x200.jpg 300w, https:\/\/www.teslaestorage.eu\/wp-content\/uploads\/2024\/07\/TESLA-075-M-768x512.jpg 768w, https:\/\/www.teslaestorage.eu\/wp-content\/uploads\/2024\/07\/TESLA-075-M-1536x1024.jpg 1536w, https:\/\/www.teslaestorage.eu\/wp-content\/uploads\/2024\/07\/TESLA-075-M.jpg 2048w\" sizes=\"auto, (max-width: 1024px) 100vw, 1024px\" \/><\/figure>\n\n\n\n<figure class=\"wp-block-image size-large\"><img loading=\"lazy\" decoding=\"async\" width=\"1024\" height=\"683\" data-id=\"1163\" src=\"https:\/\/www.teslaestorage.eu\/wp-content\/uploads\/2024\/07\/TESLA-077-M-1536x1024-1-1-1024x683.jpg\" alt=\"\" class=\"wp-image-1163\" srcset=\"https:\/\/www.teslaestorage.eu\/wp-content\/uploads\/2024\/07\/TESLA-077-M-1536x1024-1-1-1024x683.jpg 1024w, https:\/\/www.teslaestorage.eu\/wp-content\/uploads\/2024\/07\/TESLA-077-M-1536x1024-1-1-300x200.jpg 300w, https:\/\/www.teslaestorage.eu\/wp-content\/uploads\/2024\/07\/TESLA-077-M-1536x1024-1-1-768x512.jpg 768w, https:\/\/www.teslaestorage.eu\/wp-content\/uploads\/2024\/07\/TESLA-077-M-1536x1024-1-1.jpg 1536w\" sizes=\"auto, (max-width: 1024px) 100vw, 1024px\" \/><\/figure>\n\n\n\n<figure class=\"wp-block-image size-large\"><img loading=\"lazy\" decoding=\"async\" width=\"1024\" height=\"683\" data-id=\"1173\" src=\"https:\/\/www.teslaestorage.eu\/wp-content\/uploads\/2024\/07\/TESLA-080-M-1024x683.jpg\" alt=\"\" class=\"wp-image-1173\" srcset=\"https:\/\/www.teslaestorage.eu\/wp-content\/uploads\/2024\/07\/TESLA-080-M-1024x683.jpg 1024w, https:\/\/www.teslaestorage.eu\/wp-content\/uploads\/2024\/07\/TESLA-080-M-300x200.jpg 300w, https:\/\/www.teslaestorage.eu\/wp-content\/uploads\/2024\/07\/TESLA-080-M-768x512.jpg 768w, https:\/\/www.teslaestorage.eu\/wp-content\/uploads\/2024\/07\/TESLA-080-M-1536x1024.jpg 1536w, https:\/\/www.teslaestorage.eu\/wp-content\/uploads\/2024\/07\/TESLA-080-M.jpg 2048w\" sizes=\"auto, (max-width: 1024px) 100vw, 1024px\" \/><\/figure>\n\n\n\n<figure class=\"wp-block-image size-large\"><img loading=\"lazy\" decoding=\"async\" width=\"1024\" height=\"683\" data-id=\"1165\" src=\"https:\/\/www.teslaestorage.eu\/wp-content\/uploads\/2024\/07\/TESLA-088-M-1024x683.jpg\" alt=\"\" class=\"wp-image-1165\" srcset=\"https:\/\/www.teslaestorage.eu\/wp-content\/uploads\/2024\/07\/TESLA-088-M-1024x683.jpg 1024w, https:\/\/www.teslaestorage.eu\/wp-content\/uploads\/2024\/07\/TESLA-088-M-300x200.jpg 300w, https:\/\/www.teslaestorage.eu\/wp-content\/uploads\/2024\/07\/TESLA-088-M-768x512.jpg 768w, https:\/\/www.teslaestorage.eu\/wp-content\/uploads\/2024\/07\/TESLA-088-M-1536x1024.jpg 1536w, https:\/\/www.teslaestorage.eu\/wp-content\/uploads\/2024\/07\/TESLA-088-M.jpg 2048w\" sizes=\"auto, (max-width: 1024px) 100vw, 1024px\" \/><\/figure>\n\n\n\n<figure class=\"wp-block-image size-large\"><img loading=\"lazy\" decoding=\"async\" width=\"1024\" height=\"683\" data-id=\"1167\" src=\"https:\/\/www.teslaestorage.eu\/wp-content\/uploads\/2024\/07\/TESLA-096-M-1024x683.jpg\" alt=\"\" class=\"wp-image-1167\" srcset=\"https:\/\/www.teslaestorage.eu\/wp-content\/uploads\/2024\/07\/TESLA-096-M-1024x683.jpg 1024w, https:\/\/www.teslaestorage.eu\/wp-content\/uploads\/2024\/07\/TESLA-096-M-300x200.jpg 300w, https:\/\/www.teslaestorage.eu\/wp-content\/uploads\/2024\/07\/TESLA-096-M-768x512.jpg 768w, https:\/\/www.teslaestorage.eu\/wp-content\/uploads\/2024\/07\/TESLA-096-M-1536x1024.jpg 1536w, https:\/\/www.teslaestorage.eu\/wp-content\/uploads\/2024\/07\/TESLA-096-M.jpg 2048w\" sizes=\"auto, (max-width: 1024px) 100vw, 1024px\" \/><\/figure>\n\n\n\n<figure class=\"wp-block-image size-large\"><img loading=\"lazy\" decoding=\"async\" width=\"1024\" height=\"683\" data-id=\"1171\" src=\"https:\/\/www.teslaestorage.eu\/wp-content\/uploads\/2024\/07\/TESLA-111-M-1024x683.jpg\" alt=\"\" class=\"wp-image-1171\" srcset=\"https:\/\/www.teslaestorage.eu\/wp-content\/uploads\/2024\/07\/TESLA-111-M-1024x683.jpg 1024w, https:\/\/www.teslaestorage.eu\/wp-content\/uploads\/2024\/07\/TESLA-111-M-300x200.jpg 300w, https:\/\/www.teslaestorage.eu\/wp-content\/uploads\/2024\/07\/TESLA-111-M-768x512.jpg 768w, https:\/\/www.teslaestorage.eu\/wp-content\/uploads\/2024\/07\/TESLA-111-M-1536x1024.jpg 1536w, https:\/\/www.teslaestorage.eu\/wp-content\/uploads\/2024\/07\/TESLA-111-M.jpg 2048w\" sizes=\"auto, (max-width: 1024px) 100vw, 1024px\" \/><\/figure>\n<\/figure>\n","protected":false},"excerpt":{"rendered":"<p>A pr\u00e1gai Smart Energy Forum 2023 nemcsak a meg\u00fajul\u00f3 energia leg\u00fajabb trendjeit mutatta be, hanem lehet\u0151v\u00e9 tette az olyan v\u00e1llalatok sz\u00e1m\u00e1ra, mint a Tesla Energy Holding, hogy bemutass\u00e1k innovat\u00edv term\u00e9keiket \u00e9s technol\u00f3gi\u00e1ikat, amelyek az energiafelfordul\u00e1s kulcsfontoss\u00e1g\u00fa r\u00e9sz\u00e9t k\u00e9pezik. Az esem\u00e9ny egyik f\u0151 ki\u00e1ll\u00edt\u00f3ja a Tesla Energy Holding volt, amely az energiaszektor innov\u00e1ci\u00f3j\u00e1nak ipar\u00e1gi vezet\u0151je. El\u0151ad\u00e1s\u00e1ban [&hellip;]<\/p>\n","protected":false},"author":1,"featured_media":2584,"comment_status":"open","ping_status":"open","sticky":false,"template":"","format":"standard","meta":{"footnotes":""},"categories":[26],"tags":[],"class_list":["post-2660","post","type-post","status-publish","format-standard","has-post-thumbnail","hentry","category-uncategorized-hu"],"acf":[],"_links":{"self":[{"href":"https:\/\/www.teslaestorage.eu\/hu\/wp-json\/wp\/v2\/posts\/2660","targetHints":{"allow":["GET"]}}],"collection":[{"href":"https:\/\/www.teslaestorage.eu\/hu\/wp-json\/wp\/v2\/posts"}],"about":[{"href":"https:\/\/www.teslaestorage.eu\/hu\/wp-json\/wp\/v2\/types\/post"}],"author":[{"embeddable":true,"href":"https:\/\/www.teslaestorage.eu\/hu\/wp-json\/wp\/v2\/users\/1"}],"replies":[{"embeddable":true,"href":"https:\/\/www.teslaestorage.eu\/hu\/wp-json\/wp\/v2\/comments?post=2660"}],"version-history":[{"count":2,"href":"https:\/\/www.teslaestorage.eu\/hu\/wp-json\/wp\/v2\/posts\/2660\/revisions"}],"predecessor-version":[{"id":3311,"href":"https:\/\/www.teslaestorage.eu\/hu\/wp-json\/wp\/v2\/posts\/2660\/revisions\/3311"}],"wp:featuredmedia":[{"embeddable":true,"href":"https:\/\/www.teslaestorage.eu\/hu\/wp-json\/wp\/v2\/media\/2584"}],"wp:attachment":[{"href":"https:\/\/www.teslaestorage.eu\/hu\/wp-json\/wp\/v2\/media?parent=2660"}],"wp:term":[{"taxonomy":"category","embeddable":true,"href":"https:\/\/www.teslaestorage.eu\/hu\/wp-json\/wp\/v2\/categories?post=2660"},{"taxonomy":"post_tag","embeddable":true,"href":"https:\/\/www.teslaestorage.eu\/hu\/wp-json\/wp\/v2\/tags?post=2660"}],"curies":[{"name":"wp","href":"https:\/\/api.w.org\/{rel}","templated":true}]}}