{"id":2650,"date":"2024-10-07T23:01:48","date_gmt":"2024-10-07T21:01:48","guid":{"rendered":"https:\/\/www.teslaestorage.eu\/vyzvy-a-riesenia-pri-recyklacii-bateriovych-ulozisk\/"},"modified":"2024-10-25T11:10:49","modified_gmt":"2024-10-25T09:10:49","slug":"vyzvy-a-riesenia-pri-recyklacii-bateriovych-ulozisk","status":"publish","type":"post","link":"https:\/\/www.teslaestorage.eu\/hu\/vyzvy-a-riesenia-pri-recyklacii-bateriovych-ulozisk\/","title":{"rendered":"Kih\u00edv\u00e1sok \u00e9s megold\u00e1sok az akkumul\u00e1toros t\u00e1rol\u00f3k \u00fajrahasznos\u00edt\u00e1sa ter\u00e9n"},"content":{"rendered":"\n<p>A BESS kulcsfontoss\u00e1g\u00fa technol\u00f3gi\u00e1t jelent a meg\u00fajul\u00f3 energiaforr\u00e1sokra val\u00f3 \u00e1t\u00e1ll\u00e1sban, mivel lehet\u0151v\u00e9 teszik a meg\u00fajul\u00f3 forr\u00e1sokb\u00f3l, p\u00e9ld\u00e1ul nap- \u00e9s sz\u00e9lenergi\u00e1b\u00f3l el\u0151\u00e1ll\u00edtott t\u00f6bbletenergia t\u00e1rol\u00e1s\u00e1t k\u00e9s\u0151bbi felhaszn\u00e1l\u00e1s c\u00e9lj\u00e1b\u00f3l. Amint azonban e rendszerek elterjedts\u00e9ge n\u00f6vekszik, \u00fagy n\u0151 az \u00e9letciklus v\u00e9g\u00e9n t\u00f6rt\u00e9n\u0151 fenntarthat\u00f3 \u00fajrahasznos\u00edt\u00e1suk sz\u00fcks\u00e9gess\u00e9ge is.<\/p>\n\n\n\n<p><strong>Kih\u00edv\u00e1sok a BESS \u00fajrahasznos\u00edt\u00e1s\u00e1ban<\/strong><\/p>\n\n\n\n<ol start=\"1\" class=\"wp-block-list\">\n<li><strong>Magas Heterogenit\u00e1s \u00e9s Komplexit\u00e1s:<\/strong>\u00a0A BESS gyakran k\u00fcl\u00f6nb\u00f6z\u0151 t\u00edpus\u00fa akkumul\u00e1torokat haszn\u00e1l, bele\u00e9rtve a l\u00edtium-ion, \u00f3lomsavas \u00e9s m\u00e1s t\u00edpusokat. Minden t\u00edpus specifikus \u00fajrahasznos\u00edt\u00e1si folyamatot ig\u00e9nyel, ami n\u00f6veli az \u00fajrahasznos\u00edt\u00e1s bonyolults\u00e1g\u00e1t \u00e9s k\u00f6lts\u00e9g\u00e9t.<\/li>\n\n\n\n<li><strong>Biztons\u00e1gi Kock\u00e1zatok<\/strong>\u00a0A l\u00edtium-ion akkumul\u00e1torok, amelyeket gyakran haszn\u00e1lnak a BESS-ben, hajlamosak lehetnek a termikus elszabadul\u00e1sra \u00e9s t\u00fczekre, ami jelent\u0151s biztons\u00e1gi kock\u00e1zatot jelent az \u00fajrahasznos\u00edt\u00e1s sor\u00e1n.<\/li>\n\n\n\n<li><strong>Logisztikai Kih\u00edv\u00e1sok:<\/strong>\u00a0A BESS-b\u0151l sz\u00e1rmaz\u00f3 nagy \u00e9s neh\u00e9z akkumul\u00e1torok logisztikai kih\u00edv\u00e1st jelentenek a biztons\u00e1gos kezel\u00e9s\u00fck \u00e9s sz\u00e1ll\u00edt\u00e1suk szempontj\u00e1b\u00f3l a recikl\u00e1l\u00f3 k\u00f6zpontokba.<\/li>\n\n\n\n<li><strong>Korl\u00e1tozott Infrastrukt\u00fara:<\/strong>\u00a0Annak ellen\u00e9re, hogy n\u0151 az ig\u00e9ny az akkumul\u00e1torok \u00fajrahasznos\u00edt\u00e1s\u00e1ra, a recikl\u00e1l\u00f3 infrastrukt\u00fara gyakran el\u00e9gtelen, ami k\u00e9sedelmekhez \u00e9s magasabb k\u00f6lts\u00e9gekhez vezethet.<\/li>\n<\/ol>\n\n\n\n<p><strong>Megold\u00e1sok \u00e9s Innov\u00e1ci\u00f3k<\/strong><\/p>\n\n\n\n<ol start=\"1\" class=\"wp-block-list\">\n<li><strong>Halad\u00f3 \u00dajrahasznos\u00edt\u00e1si Technol\u00f3gi\u00e1k:<\/strong>\u00a0\u00daj technol\u00f3gi\u00e1k, mint a hidrometallurgiai \u00e9s pirometallurgiai m\u00f3dszerek fejleszt\u00e9se jav\u00edthatja az \u00fajrahasznos\u00edt\u00e1s hat\u00e9konys\u00e1g\u00e1t \u00e9s n\u00f6velheti a haszn\u00e1lt akkumul\u00e1torokb\u00f3l kinyerhet\u0151 \u00e9rt\u00e9kes anyagok nyeres\u00e9gess\u00e9g\u00e9t.<\/li>\n\n\n\n<li><strong>Tervez\u00e9s az \u00dajrahasznos\u00edt\u00e1sra:<\/strong>\u00a0Az akkumul\u00e1torok olyan m\u00f3don t\u00f6rt\u00e9n\u0151 fejleszt\u00e9se, hogy figyelembe veszik a j\u00f6v\u0151beli \u00fajrahasznos\u00edt\u00e1sukat, megk\u00f6nny\u00edtheti a sz\u00e9tszerel\u00e9st \u00e9s az anyagok sz\u00e9tv\u00e1laszt\u00e1s\u00e1t, ezzel cs\u00f6kkentve a k\u00f6lts\u00e9geket \u00e9s n\u00f6velve az \u00fajrahasznos\u00edt\u00e1s hat\u00e9konys\u00e1g\u00e1t.<\/li>\n\n\n\n<li><strong>Szab\u00e1lyoz\u00e1si Kezdem\u00e9nyez\u00e9sek \u00e9s Politik\u00e1k:<\/strong>\u00a0Er\u0151s szab\u00e1lyoz\u00e1si keretek \u00e9s \u00f6szt\u00f6nz\u0151k, bele\u00e9rtve a gy\u00e1rt\u00f3k kiterjesztett felel\u0151ss\u00e9g\u00e9t (EPR), el\u0151seg\u00edthetik a beruh\u00e1z\u00e1sokat a recikl\u00e1l\u00f3 infrastrukt\u00far\u00e1ba \u00e9s technol\u00f3gi\u00e1kba.<\/li>\n\n\n\n<li><strong>Nemzetk\u00f6zi Egy\u00fcttm\u0171k\u00f6d\u00e9s:<\/strong>\u00a0Az orsz\u00e1gok, gy\u00e1rt\u00f3k \u00e9s \u00fajrahasznos\u00edt\u00f3 v\u00e1llalatok k\u00f6z\u00f6tti egy\u00fcttm\u0171k\u00f6d\u00e9s a legjobb gyakorlatok \u00e9s technol\u00f3gi\u00e1k megoszt\u00e1sa ter\u00e9n felgyors\u00edthatja a BESS \u00fajrahasznos\u00edt\u00e1s\u00e1ban el\u00e9rt el\u0151rehalad\u00e1st.<\/li>\n<\/ol>\n\n\n\n<figure data-wp-context=\"{&quot;imageId&quot;:&quot;69f5c83d7d743&quot;}\" data-wp-interactive=\"core\/image\" data-wp-key=\"69f5c83d7d743\" class=\"wp-block-image size-full wp-lightbox-container\"><img loading=\"lazy\" decoding=\"async\" width=\"908\" height=\"908\" data-wp-class--hide=\"state.isContentHidden\" data-wp-class--show=\"state.isContentVisible\" data-wp-init=\"callbacks.setButtonStyles\" data-wp-on--click=\"actions.showLightbox\" data-wp-on--load=\"callbacks.setButtonStyles\" data-wp-on-window--resize=\"callbacks.setButtonStyles\" src=\"https:\/\/www.teslaestorage.eu\/wp-content\/uploads\/2024\/10\/hg.png\" alt=\"\" class=\"wp-image-1209\" srcset=\"https:\/\/www.teslaestorage.eu\/wp-content\/uploads\/2024\/10\/hg.png 908w, https:\/\/www.teslaestorage.eu\/wp-content\/uploads\/2024\/10\/hg-300x300.png 300w, https:\/\/www.teslaestorage.eu\/wp-content\/uploads\/2024\/10\/hg-150x150.png 150w, https:\/\/www.teslaestorage.eu\/wp-content\/uploads\/2024\/10\/hg-768x768.png 768w\" sizes=\"auto, (max-width: 908px) 100vw, 908px\" \/><button\n\t\t\tclass=\"lightbox-trigger\"\n\t\t\ttype=\"button\"\n\t\t\taria-haspopup=\"dialog\"\n\t\t\taria-label=\"Nagy\u00edt\u00e1s\"\n\t\t\tdata-wp-init=\"callbacks.initTriggerButton\"\n\t\t\tdata-wp-on--click=\"actions.showLightbox\"\n\t\t\tdata-wp-style--right=\"state.imageButtonRight\"\n\t\t\tdata-wp-style--top=\"state.imageButtonTop\"\n\t\t>\n\t\t\t<svg xmlns=\"http:\/\/www.w3.org\/2000\/svg\" width=\"12\" height=\"12\" fill=\"none\" viewBox=\"0 0 12 12\">\n\t\t\t\t<path fill=\"#fff\" d=\"M2 0a2 2 0 0 0-2 2v2h1.5V2a.5.5 0 0 1 .5-.5h2V0H2Zm2 10.5H2a.5.5 0 0 1-.5-.5V8H0v2a2 2 0 0 0 2 2h2v-1.5ZM8 12v-1.5h2a.5.5 0 0 0 .5-.5V8H12v2a2 2 0 0 1-2 2H8Zm2-12a2 2 0 0 1 2 2v2h-1.5V2a.5.5 0 0 0-.5-.5H8V0h2Z\" \/>\n\t\t\t<\/svg>\n\t\t<\/button><\/figure>\n\n\n\n<p><strong>K\u00f6rdiagram<\/strong>&nbsp;\u2013 \u00e1br\u00e1zolja a BESS \u00fajrahasznos\u00edt\u00e1s\u00e1b\u00f3l nyert anyagok eloszl\u00e1s\u00e1t, bele\u00e9rtve a kobaltot, l\u00edtiumot, nikelt, egy\u00e9b f\u00e9met \u00e9s nemf\u00e9mes anyagokat. Ez a diagram \u00e1ttekint\u00e9st ny\u00fajt az egyes, \u00fajrahasznos\u00edtott akkumul\u00e1torokb\u00f3l visszanyert anyagok relat\u00edv fontoss\u00e1g\u00e1r\u00f3l.<\/p>\n\n\n\n<p><strong>Recikl\u00e1l\u00f3 K\u00f6zpontok Fejleszt\u00e9se<\/strong><\/p>\n\n\n\n<p>Region\u00e1lis recikl\u00e1l\u00f3 k\u00f6zpontok, \u00fagynevezett \u201ehubok\u201d l\u00e9trehoz\u00e1sa, amelyek k\u00fcl\u00f6nb\u00f6z\u0151 t\u00edpus\u00fa BESS-ben haszn\u00e1lt akkumul\u00e1torokra specializ\u00e1l\u00f3dn\u00e1nak, hat\u00e9konyabb\u00e1 tehetn\u00e9 az eg\u00e9sz folyamatot. Ezek a hubok lehet\u0151v\u00e9 tenn\u00e9k a jobb logisztik\u00e1t \u00e9s a specifikus anyagokra szakosodott recikl\u00e1l\u00e1st, ami magasabb hat\u00e9konys\u00e1ghoz \u00e9s k\u00f6lts\u00e9gcs\u00f6kkent\u00e9shez vezetne.<\/p>\n\n\n\n<p><strong>\u00daj anyagok kutat\u00e1sa \u00e9s fejleszt\u00e9se<\/strong><\/p>\n\n\n\n<p>Az \u00faj, k\u00f6nnyebben \u00fajrahasznos\u00edthat\u00f3 anyagok kutat\u00e1s\u00e1ba \u00e9s fejleszt\u00e9s\u00e9be t\u00f6rt\u00e9n\u0151 beruh\u00e1z\u00e1s, amelyek ugyanakkor meg\u0151rzik vagy ak\u00e1r fel\u00fclm\u00falj\u00e1k a jelenlegi akkumul\u00e1torok teljes\u00edtm\u00e9ny\u00e9t, kulcsfontoss\u00e1g\u00fa. P\u00e9ldak\u00e9nt szolg\u00e1lhat a szil\u00e1rdtestes l\u00edtium-ion akkumul\u00e1torok fejleszt\u00e9se, amelyek nem csak magasabb biztons\u00e1got k\u00edn\u00e1lnak, hanem jobb \u00fajrahasznos\u00edt\u00e1si lehet\u0151s\u00e9geket is.<\/p>\n\n\n\n<p><strong>A gy\u0171jt\u00e9s \u00e9s a szelekt\u00e1l\u00e1s fejleszt\u00e9se<\/strong><\/p>\n\n\n\n<p>A haszn\u00e1lt akkumul\u00e1torok hat\u00e9konyabb gy\u0171jt\u00e9se \u00e9s szelekt\u00e1l\u00e1sa jelent\u0151sen n\u00f6velheti a recikl\u00e1l\u00e1sra rendelkez\u00e9sre \u00e1ll\u00f3 anyag mennyis\u00e9g\u00e9t. A gy\u0171jt\u00e9si folyamat digitaliz\u00e1l\u00e1sa, okos kont\u00e9nerek \u00e9s szenzorok haszn\u00e1lata az \u00e1llapot \u00e9s a gy\u0171jt\u0151helyek tel\u00edtetts\u00e9g\u00e9nek monitoroz\u00e1s\u00e1ra seg\u00edthet n\u00f6velni a gy\u0171jt\u00e9si ar\u00e1nyt \u00e9s a szelekt\u00e1lt anyagok min\u0151s\u00e9g\u00e9t.<\/p>\n\n\n\n<p><strong>Egy\u00fcttm\u0171k\u00f6d\u00e9s a Gy\u00e1rt\u00f3kkal<\/strong><\/p>\n\n\n\n<p>A gy\u00e1rt\u00f3k bevon\u00e1sa az akkumul\u00e1torok \u00e9s a BESS teljes \u00e9letciklus\u00e1ba, a tervez\u00e9st\u0151l a recikl\u00e1l\u00e1sig, elengedhetetlen. Olyan kezdem\u00e9nyez\u00e9sek, mint a gy\u00e1rt\u00f3k kiterjesztett felel\u0151ss\u00e9ge (EPR), nemcsak a jobban recikl\u00e1lhat\u00f3 term\u00e9kek fejleszt\u00e9s\u00e9t t\u00e1mogatj\u00e1k, hanem biztos\u00edtj\u00e1k a hat\u00e9kony gy\u0171jt\u00e9shez \u00e9s recikl\u00e1l\u00e1shoz sz\u00fcks\u00e9ges p\u00e9nz\u00fcgyi \u00e9s logisztikai forr\u00e1sokat is.<\/p>\n\n\n\n<p><strong>A Korm\u00e1nyzati T\u00e1mogat\u00e1s<\/strong><\/p>\n\n\n\n<p>A korm\u00e1nyzati politik\u00e1k \u00e9s p\u00e9nz\u00fcgyi \u00f6szt\u00f6nz\u0151k kulcsszerepet j\u00e1tszanak a BESS akkumul\u00e1torok recikl\u00e1l\u00e1s\u00e1nak t\u00e1mogat\u00e1s\u00e1ban. A korm\u00e1nyok hozz\u00e1j\u00e1rulhatnak kutat\u00e1si \u00e9s fejleszt\u00e9si t\u00e1mogat\u00e1sokkal, a recikl\u00e1l\u00f3 v\u00e1llalatok ad\u00f3j\u00e1nak cs\u00f6kkent\u00e9s\u00e9vel, vagy szigor\u00fabb szab\u00e1lyoz\u00e1sok bevezet\u00e9s\u00e9vel az akkumul\u00e1torok recikl\u00e1l\u00e1s\u00e1val \u00e9s \u00e1rtalmatlan\u00edt\u00e1s\u00e1val kapcsolatban.<\/p>\n\n\n\n<p><strong>A Recikl\u00e1l\u00e1s Hat\u00e9konys\u00e1g\u00e1nak N\u00f6vel\u00e9s\u00e9re Ir\u00e1nyul\u00f3 Kezdem\u00e9nyez\u00e9sek<\/strong><\/p>\n\n\n\n<ul class=\"wp-block-list\">\n<li>Szabv\u00e1nyos\u00edtott protokollok l\u00e9trehoz\u00e1sa a recikl\u00e1l\u00e1shoz: A recikl\u00e1l\u00e1si elj\u00e1r\u00e1sok \u00e9s technik\u00e1k egys\u00e9ges\u00edt\u00e9se nemzetk\u00f6zi szinten el\u0151seg\u00edthetn\u00e9 a bev\u00e1lt gyakorlatok cser\u00e9j\u00e9t \u00e9s hat\u00e9konyabb\u00e1 tehetn\u00e9 a recikl\u00e1l\u00e1si folyamatokat.<\/li>\n\n\n\n<li>A recikl\u00e1lt anyagok piacainak fejleszt\u00e9se: A recikl\u00e1lt anyagok ir\u00e1nti kereslet n\u00f6veked\u00e9se az akkumul\u00e1torokb\u00f3l el\u0151seg\u00edtheti a piacok fejleszt\u00e9s\u00e9t \u00e9s a recikl\u00e1l\u00e1s gazdas\u00e1gi \u00e9letk\u00e9pess\u00e9g\u00e9t. Ez mag\u00e1ban foglalhatja \u00faj alkalmaz\u00e1sok \u00e9s term\u00e9kek l\u00e9trehoz\u00e1s\u00e1t, amelyek hat\u00e9konyan haszn\u00e1lj\u00e1k fel a recikl\u00e1lt anyagokat.<\/li>\n\n\n\n<li>K\u00f6z- \u00e9s mag\u00e1nszf\u00e9ra k\u00f6z\u00f6tti partners\u00e9gek: A korm\u00e1nyok, akkumul\u00e1torgy\u00e1rt\u00f3k \u00e9s a recikl\u00e1l\u00f3 v\u00e1llalatok k\u00f6z\u00f6tti egy\u00fcttm\u0171k\u00f6d\u00e9s felgyors\u00edthatja az innovat\u00edv recikl\u00e1l\u00e1si megold\u00e1sok \u00e9s infrastrukt\u00far\u00e1k fejleszt\u00e9s\u00e9t \u00e9s bevezet\u00e9s\u00e9t.<\/li>\n<\/ul>\n\n\n\n<p>Az akkumul\u00e1toros energiat\u00e1rol\u00f3 rendszerek recikl\u00e1l\u00e1sa kulcsfontoss\u00e1g\u00fa kih\u00edv\u00e1st jelent a fenntarthat\u00f3 j\u00f6v\u0151 fel\u00e9 vezet\u0151 \u00faton. B\u00e1r jelent\u0151s akad\u00e1lyok \u00e1llnak fenn, az \u00faj technol\u00f3gi\u00e1k fejleszt\u00e9se, politikai int\u00e9zked\u00e9sek \u00e9s a nemzetk\u00f6zi egy\u00fcttm\u0171k\u00f6d\u00e9s megnyitj\u00e1k az utat az hat\u00e9konyabb \u00e9s gazdas\u00e1gilag el\u0151ny\u00f6sebb megold\u00e1sok fel\u00e9. Ezek a l\u00e9p\u00e9sek nem csak a k\u00f6rnyezeti hat\u00e1s minimaliz\u00e1l\u00e1s\u00e1hoz sz\u00fcks\u00e9gesek, hanem az energiarendszerek fenntarthat\u00f3 j\u00f6v\u0151j\u00e9nek biztos\u00edt\u00e1s\u00e1hoz is.<\/p>\n\n\n\n<figure data-wp-context=\"{&quot;imageId&quot;:&quot;69f5c83d7f0ca&quot;}\" data-wp-interactive=\"core\/image\" data-wp-key=\"69f5c83d7f0ca\" class=\"wp-block-image size-full wp-lightbox-container\"><img loading=\"lazy\" decoding=\"async\" width=\"908\" height=\"908\" data-wp-class--hide=\"state.isContentHidden\" data-wp-class--show=\"state.isContentVisible\" data-wp-init=\"callbacks.setButtonStyles\" data-wp-on--click=\"actions.showLightbox\" data-wp-on--load=\"callbacks.setButtonStyles\" data-wp-on-window--resize=\"callbacks.setButtonStyles\" src=\"https:\/\/www.teslaestorage.eu\/wp-content\/uploads\/2024\/10\/ji.png\" alt=\"\" class=\"wp-image-1210\" srcset=\"https:\/\/www.teslaestorage.eu\/wp-content\/uploads\/2024\/10\/ji.png 908w, https:\/\/www.teslaestorage.eu\/wp-content\/uploads\/2024\/10\/ji-300x300.png 300w, https:\/\/www.teslaestorage.eu\/wp-content\/uploads\/2024\/10\/ji-150x150.png 150w, https:\/\/www.teslaestorage.eu\/wp-content\/uploads\/2024\/10\/ji-768x768.png 768w\" sizes=\"auto, (max-width: 908px) 100vw, 908px\" \/><button\n\t\t\tclass=\"lightbox-trigger\"\n\t\t\ttype=\"button\"\n\t\t\taria-haspopup=\"dialog\"\n\t\t\taria-label=\"Nagy\u00edt\u00e1s\"\n\t\t\tdata-wp-init=\"callbacks.initTriggerButton\"\n\t\t\tdata-wp-on--click=\"actions.showLightbox\"\n\t\t\tdata-wp-style--right=\"state.imageButtonRight\"\n\t\t\tdata-wp-style--top=\"state.imageButtonTop\"\n\t\t>\n\t\t\t<svg xmlns=\"http:\/\/www.w3.org\/2000\/svg\" width=\"12\" height=\"12\" fill=\"none\" viewBox=\"0 0 12 12\">\n\t\t\t\t<path fill=\"#fff\" d=\"M2 0a2 2 0 0 0-2 2v2h1.5V2a.5.5 0 0 1 .5-.5h2V0H2Zm2 10.5H2a.5.5 0 0 1-.5-.5V8H0v2a2 2 0 0 0 2 2h2v-1.5ZM8 12v-1.5h2a.5.5 0 0 0 .5-.5V8H12v2a2 2 0 0 1-2 2H8Zm2-12a2 2 0 0 1 2 2v2h-1.5V2a.5.5 0 0 0-.5-.5H8V0h2Z\" \/>\n\t\t\t<\/svg>\n\t\t<\/button><\/figure>\n\n\n\n<p>Radar Diagram \u2013 megjelen\u00edti az egyes l\u00e9p\u00e9sek sz\u00e1zal\u00e9kos hat\u00e9konys\u00e1g\u00e1t a recikl\u00e1l\u00e1si folyamatban, mint p\u00e9ld\u00e1ul a gy\u0171jt\u00e9s \u00e9s logisztika, sz\u00e9tv\u00e1logat\u00e1s, mechanikai feldolgoz\u00e1s, k\u00e9miai feldolgoz\u00e1s, \u00e9s \u00faj term\u00e9kek gy\u00e1rt\u00e1sa. Ez a diagram mutatja, melyik recikl\u00e1l\u00e1si aspektusok a leghat\u00e9konyabbak \u00e9s mely ter\u00fcleteken van sz\u00fcks\u00e9g a fejleszt\u00e9sre.<\/p>\n\n\n\n<p><\/p>\n","protected":false},"excerpt":{"rendered":"<p>A BESS kulcsfontoss\u00e1g\u00fa technol\u00f3gi\u00e1t jelent a meg\u00fajul\u00f3 energiaforr\u00e1sokra val\u00f3 \u00e1t\u00e1ll\u00e1sban, mivel lehet\u0151v\u00e9 teszik a meg\u00fajul\u00f3 forr\u00e1sokb\u00f3l, p\u00e9ld\u00e1ul nap- \u00e9s sz\u00e9lenergi\u00e1b\u00f3l el\u0151\u00e1ll\u00edtott t\u00f6bbletenergia t\u00e1rol\u00e1s\u00e1t k\u00e9s\u0151bbi felhaszn\u00e1l\u00e1s c\u00e9lj\u00e1b\u00f3l. Amint azonban e rendszerek elterjedts\u00e9ge n\u00f6vekszik, \u00fagy n\u0151 az \u00e9letciklus v\u00e9g\u00e9n t\u00f6rt\u00e9n\u0151 fenntarthat\u00f3 \u00fajrahasznos\u00edt\u00e1suk sz\u00fcks\u00e9gess\u00e9ge is. Kih\u00edv\u00e1sok a BESS \u00fajrahasznos\u00edt\u00e1s\u00e1ban Megold\u00e1sok \u00e9s Innov\u00e1ci\u00f3k K\u00f6rdiagram&nbsp;\u2013 \u00e1br\u00e1zolja a BESS \u00fajrahasznos\u00edt\u00e1s\u00e1b\u00f3l nyert [&hellip;]<\/p>\n","protected":false},"author":2,"featured_media":2579,"comment_status":"open","ping_status":"open","sticky":false,"template":"","format":"standard","meta":{"footnotes":""},"categories":[26],"tags":[],"class_list":["post-2650","post","type-post","status-publish","format-standard","has-post-thumbnail","hentry","category-uncategorized-hu"],"acf":[],"_links":{"self":[{"href":"https:\/\/www.teslaestorage.eu\/hu\/wp-json\/wp\/v2\/posts\/2650","targetHints":{"allow":["GET"]}}],"collection":[{"href":"https:\/\/www.teslaestorage.eu\/hu\/wp-json\/wp\/v2\/posts"}],"about":[{"href":"https:\/\/www.teslaestorage.eu\/hu\/wp-json\/wp\/v2\/types\/post"}],"author":[{"embeddable":true,"href":"https:\/\/www.teslaestorage.eu\/hu\/wp-json\/wp\/v2\/users\/2"}],"replies":[{"embeddable":true,"href":"https:\/\/www.teslaestorage.eu\/hu\/wp-json\/wp\/v2\/comments?post=2650"}],"version-history":[{"count":2,"href":"https:\/\/www.teslaestorage.eu\/hu\/wp-json\/wp\/v2\/posts\/2650\/revisions"}],"predecessor-version":[{"id":3310,"href":"https:\/\/www.teslaestorage.eu\/hu\/wp-json\/wp\/v2\/posts\/2650\/revisions\/3310"}],"wp:featuredmedia":[{"embeddable":true,"href":"https:\/\/www.teslaestorage.eu\/hu\/wp-json\/wp\/v2\/media\/2579"}],"wp:attachment":[{"href":"https:\/\/www.teslaestorage.eu\/hu\/wp-json\/wp\/v2\/media?parent=2650"}],"wp:term":[{"taxonomy":"category","embeddable":true,"href":"https:\/\/www.teslaestorage.eu\/hu\/wp-json\/wp\/v2\/categories?post=2650"},{"taxonomy":"post_tag","embeddable":true,"href":"https:\/\/www.teslaestorage.eu\/hu\/wp-json\/wp\/v2\/tags?post=2650"}],"curies":[{"name":"wp","href":"https:\/\/api.w.org\/{rel}","templated":true}]}}