{"id":2635,"date":"2024-10-08T00:01:00","date_gmt":"2024-10-07T22:01:00","guid":{"rendered":"https:\/\/www.teslaestorage.eu\/tesla-battery-storage-na-veltrhu-intersolar-europe-2023-v-mnichove\/"},"modified":"2024-10-11T11:20:22","modified_gmt":"2024-10-11T09:20:22","slug":"tesla-battery-storage-na-veltrhu-intersolar-europe-2023-v-mnichove","status":"publish","type":"post","link":"https:\/\/www.teslaestorage.eu\/hu\/tesla-battery-storage-na-veltrhu-intersolar-europe-2023-v-mnichove\/","title":{"rendered":"TESLA Battery Storage a m\u00fcncheni Intersolar Europe 2023 v\u00e1s\u00e1ron"},"content":{"rendered":"\n<p>C\u00e9g\u00fcnk k\u00e9pvisel\u0151i r\u00e9szt vesznek az Intersolar Europe 2023 v\u00e1s\u00e1ron, amely a vil\u00e1g legh\u00edresebb ki\u00e1ll\u00edt\u00e1sa a fenntarthat\u00f3 energia ter\u00fclet\u00e9n. A vil\u00e1g minden t\u00e1j\u00e1r\u00f3l \u00e9rkez\u0151 energetikai szakemberek sz\u00e1m\u00e1ra ez egy olyan hely, ahol a napenergia legforr\u00f3bb h\u00edreit \u00e9s trendjeit mutatj\u00e1k be. Ha szeretne tal\u00e1lkozni k\u00e9pvisel\u0151inkkel \u00e9s t\u00f6bbet megtudni megold\u00e1sainkr\u00f3l, strat\u00e9giai partner\u00fcnk, az ECACTUS standj\u00e1n (C3-119) tal\u00e1lkozhat vel\u00fck. V\u00e1rjuk a kellemes tal\u00e1lkoz\u00e1sokat!<\/p>\n\n\n\n<p>A v\u00e1s\u00e1rr\u00f3l tov\u00e1bbi inform\u00e1ci\u00f3kat a https:\/\/www.intersolar.de\/<\/p>\n\n\n\n<figure data-wp-context=\"{&quot;imageId&quot;:&quot;69f71c68cb6f5&quot;}\" data-wp-interactive=\"core\/image\" data-wp-key=\"69f71c68cb6f5\" class=\"wp-block-image size-large wp-lightbox-container\"><img loading=\"lazy\" decoding=\"async\" width=\"1024\" height=\"700\" data-wp-class--hide=\"state.isContentHidden\" data-wp-class--show=\"state.isContentVisible\" data-wp-init=\"callbacks.setButtonStyles\" data-wp-on--click=\"actions.showLightbox\" data-wp-on--load=\"callbacks.setButtonStyles\" data-wp-on-window--resize=\"callbacks.setButtonStyles\" src=\"https:\/\/www.teslaestorage.eu\/wp-content\/uploads\/2024\/10\/TESLA-Battery-Storage-na-veltrhu-Intersolar-Europe-2023-v-Mnichove-1024x700.jpg\" alt=\"\" class=\"wp-image-1223\" srcset=\"https:\/\/www.teslaestorage.eu\/wp-content\/uploads\/2024\/10\/TESLA-Battery-Storage-na-veltrhu-Intersolar-Europe-2023-v-Mnichove-1024x700.jpg 1024w, https:\/\/www.teslaestorage.eu\/wp-content\/uploads\/2024\/10\/TESLA-Battery-Storage-na-veltrhu-Intersolar-Europe-2023-v-Mnichove-300x205.jpg 300w, https:\/\/www.teslaestorage.eu\/wp-content\/uploads\/2024\/10\/TESLA-Battery-Storage-na-veltrhu-Intersolar-Europe-2023-v-Mnichove-768x525.jpg 768w, https:\/\/www.teslaestorage.eu\/wp-content\/uploads\/2024\/10\/TESLA-Battery-Storage-na-veltrhu-Intersolar-Europe-2023-v-Mnichove.jpg 1500w\" sizes=\"auto, (max-width: 1024px) 100vw, 1024px\" \/><button\n\t\t\tclass=\"lightbox-trigger\"\n\t\t\ttype=\"button\"\n\t\t\taria-haspopup=\"dialog\"\n\t\t\taria-label=\"Nagy\u00edt\u00e1s\"\n\t\t\tdata-wp-init=\"callbacks.initTriggerButton\"\n\t\t\tdata-wp-on--click=\"actions.showLightbox\"\n\t\t\tdata-wp-style--right=\"state.imageButtonRight\"\n\t\t\tdata-wp-style--top=\"state.imageButtonTop\"\n\t\t>\n\t\t\t<svg xmlns=\"http:\/\/www.w3.org\/2000\/svg\" width=\"12\" height=\"12\" fill=\"none\" viewBox=\"0 0 12 12\">\n\t\t\t\t<path fill=\"#fff\" d=\"M2 0a2 2 0 0 0-2 2v2h1.5V2a.5.5 0 0 1 .5-.5h2V0H2Zm2 10.5H2a.5.5 0 0 1-.5-.5V8H0v2a2 2 0 0 0 2 2h2v-1.5ZM8 12v-1.5h2a.5.5 0 0 0 .5-.5V8H12v2a2 2 0 0 1-2 2H8Zm2-12a2 2 0 0 1 2 2v2h-1.5V2a.5.5 0 0 0-.5-.5H8V0h2Z\" \/>\n\t\t\t<\/svg>\n\t\t<\/button><\/figure>\n","protected":false},"excerpt":{"rendered":"<p>C\u00e9g\u00fcnk k\u00e9pvisel\u0151i r\u00e9szt vesznek az Intersolar Europe 2023 v\u00e1s\u00e1ron, amely a vil\u00e1g legh\u00edresebb ki\u00e1ll\u00edt\u00e1sa a fenntarthat\u00f3 energia ter\u00fclet\u00e9n. A vil\u00e1g minden t\u00e1j\u00e1r\u00f3l \u00e9rkez\u0151 energetikai szakemberek sz\u00e1m\u00e1ra ez egy olyan hely, ahol a napenergia legforr\u00f3bb h\u00edreit \u00e9s trendjeit mutatj\u00e1k be. Ha szeretne tal\u00e1lkozni k\u00e9pvisel\u0151inkkel \u00e9s t\u00f6bbet megtudni megold\u00e1sainkr\u00f3l, strat\u00e9giai partner\u00fcnk, az ECACTUS standj\u00e1n (C3-119) tal\u00e1lkozhat vel\u00fck. [&hellip;]<\/p>\n","protected":false},"author":2,"featured_media":2274,"comment_status":"open","ping_status":"open","sticky":false,"template":"","format":"standard","meta":{"footnotes":""},"categories":[26],"tags":[],"class_list":["post-2635","post","type-post","status-publish","format-standard","has-post-thumbnail","hentry","category-uncategorized-hu"],"acf":[],"_links":{"self":[{"href":"https:\/\/www.teslaestorage.eu\/hu\/wp-json\/wp\/v2\/posts\/2635","targetHints":{"allow":["GET"]}}],"collection":[{"href":"https:\/\/www.teslaestorage.eu\/hu\/wp-json\/wp\/v2\/posts"}],"about":[{"href":"https:\/\/www.teslaestorage.eu\/hu\/wp-json\/wp\/v2\/types\/post"}],"author":[{"embeddable":true,"href":"https:\/\/www.teslaestorage.eu\/hu\/wp-json\/wp\/v2\/users\/2"}],"replies":[{"embeddable":true,"href":"https:\/\/www.teslaestorage.eu\/hu\/wp-json\/wp\/v2\/comments?post=2635"}],"version-history":[{"count":1,"href":"https:\/\/www.teslaestorage.eu\/hu\/wp-json\/wp\/v2\/posts\/2635\/revisions"}],"predecessor-version":[{"id":2806,"href":"https:\/\/www.teslaestorage.eu\/hu\/wp-json\/wp\/v2\/posts\/2635\/revisions\/2806"}],"wp:featuredmedia":[{"embeddable":true,"href":"https:\/\/www.teslaestorage.eu\/hu\/wp-json\/wp\/v2\/media\/2274"}],"wp:attachment":[{"href":"https:\/\/www.teslaestorage.eu\/hu\/wp-json\/wp\/v2\/media?parent=2635"}],"wp:term":[{"taxonomy":"category","embeddable":true,"href":"https:\/\/www.teslaestorage.eu\/hu\/wp-json\/wp\/v2\/categories?post=2635"},{"taxonomy":"post_tag","embeddable":true,"href":"https:\/\/www.teslaestorage.eu\/hu\/wp-json\/wp\/v2\/tags?post=2635"}],"curies":[{"name":"wp","href":"https:\/\/api.w.org\/{rel}","templated":true}]}}