{"id":2664,"date":"2023-06-01T23:21:00","date_gmt":"2023-06-01T21:21:00","guid":{"rendered":"https:\/\/www.teslaestorage.eu\/tesla-energy-holding-sucastou-jarnej-konferencie-spx\/"},"modified":"2024-10-11T09:42:42","modified_gmt":"2024-10-11T07:42:42","slug":"tesla-energy-holding-sucastou-jarnej-konferencie-spx","status":"publish","type":"post","link":"https:\/\/www.teslaestorage.eu\/de\/tesla-energy-holding-sucastou-jarnej-konferencie-spx\/","title":{"rendered":"TESLA Energy Holding im Rahmen der SPX-Fr\u00fchjahrskonferenz\u00a0"},"content":{"rendered":"\n<p>Am 1. Juni 2023 nahm unser Chief Commercial Officer, Peter Stan\u010d\u00edk, im Rahmen der SPX-Fr\u00fchjahrskonferenz an einer Podiumsdiskussion \u00fcber die aktuelle und zuk\u00fcnftige Entwicklung von Batteriel\u00f6sungen im Energiesektor teil.<\/p>\n\n\n\n<p>Peter Stan\u010d\u00edk hat im Rahmen des Panels die Vorteile unserer Batteriespeicher hervorgehoben und zusammen mit anderen Referenten \u00fcber die aktuellen Herausforderungen dieser Branche diskutiert. Ihre Beitr\u00e4ge befassten sich mit mehreren Schl\u00fcsselfragen &#8211; warum die Entwicklung mit der Installation von BESS in der Slowakei anders ist als in anderen Teilen Europas, wie das gesetzliche Umfeld f\u00fcr den Betrieb von Batteriesystemen in der Slowakei aussieht, aber sie behandelten auch technische und wirtschaftliche Aspekte von BESS.<\/p>\n\n\n\n<p>An der Konferenz nahmen Vertreter der gro\u00dfen Energieunternehmen teil und es wurden viele interessante Meinungen \u00fcber den aktuellen Stand der slowakischen Energie ge\u00e4u\u00dfert. Wir freuen uns, dass wir unsere qualifizierte Perspektive zu diesem Thema einbringen konnten.<\/p>\n","protected":false},"excerpt":{"rendered":"<p>Am 1. Juni 2023 nahm unser Chief Commercial Officer, Peter Stan\u010d\u00edk, im Rahmen der SPX-Fr\u00fchjahrskonferenz an einer Podiumsdiskussion \u00fcber die aktuelle und zuk\u00fcnftige Entwicklung von Batteriel\u00f6sungen im Energiesektor teil. Peter Stan\u010d\u00edk hat im Rahmen des Panels die Vorteile unserer Batteriespeicher hervorgehoben und zusammen mit anderen Referenten \u00fcber die aktuellen Herausforderungen dieser Branche diskutiert. Ihre Beitr\u00e4ge [&hellip;]<\/p>\n","protected":false},"author":2,"featured_media":2198,"comment_status":"open","ping_status":"open","sticky":false,"template":"","format":"standard","meta":{"footnotes":""},"categories":[5],"tags":[],"class_list":["post-2664","post","type-post","status-publish","format-standard","has-post-thumbnail","hentry","category-unkategorisiert"],"acf":[],"_links":{"self":[{"href":"https:\/\/www.teslaestorage.eu\/de\/wp-json\/wp\/v2\/posts\/2664","targetHints":{"allow":["GET"]}}],"collection":[{"href":"https:\/\/www.teslaestorage.eu\/de\/wp-json\/wp\/v2\/posts"}],"about":[{"href":"https:\/\/www.teslaestorage.eu\/de\/wp-json\/wp\/v2\/types\/post"}],"author":[{"embeddable":true,"href":"https:\/\/www.teslaestorage.eu\/de\/wp-json\/wp\/v2\/users\/2"}],"replies":[{"embeddable":true,"href":"https:\/\/www.teslaestorage.eu\/de\/wp-json\/wp\/v2\/comments?post=2664"}],"version-history":[{"count":1,"href":"https:\/\/www.teslaestorage.eu\/de\/wp-json\/wp\/v2\/posts\/2664\/revisions"}],"predecessor-version":[{"id":2773,"href":"https:\/\/www.teslaestorage.eu\/de\/wp-json\/wp\/v2\/posts\/2664\/revisions\/2773"}],"wp:featuredmedia":[{"embeddable":true,"href":"https:\/\/www.teslaestorage.eu\/de\/wp-json\/wp\/v2\/media\/2198"}],"wp:attachment":[{"href":"https:\/\/www.teslaestorage.eu\/de\/wp-json\/wp\/v2\/media?parent=2664"}],"wp:term":[{"taxonomy":"category","embeddable":true,"href":"https:\/\/www.teslaestorage.eu\/de\/wp-json\/wp\/v2\/categories?post=2664"},{"taxonomy":"post_tag","embeddable":true,"href":"https:\/\/www.teslaestorage.eu\/de\/wp-json\/wp\/v2\/tags?post=2664"}],"curies":[{"name":"wp","href":"https:\/\/api.w.org\/{rel}","templated":true}]}}