{"id":2634,"date":"2024-10-08T00:01:00","date_gmt":"2024-10-07T22:01:00","guid":{"rendered":"https:\/\/www.teslaestorage.eu\/tesla-battery-storage-na-veltrhu-intersolar-europe-2023-v-mnichove\/"},"modified":"2024-10-11T11:20:42","modified_gmt":"2024-10-11T09:20:42","slug":"tesla-battery-storage-na-veltrhu-intersolar-europe-2023-v-mnichove","status":"publish","type":"post","link":"https:\/\/www.teslaestorage.eu\/de\/tesla-battery-storage-na-veltrhu-intersolar-europe-2023-v-mnichove\/","title":{"rendered":"TESLA Battery Storage auf der Intersolar Europe 2023 in M\u00fcnchen"},"content":{"rendered":"\n<p>Vertreter unseres Unternehmens werden an der Messe Intersolar Europe 2023 teilnehmen, der weltweit ber\u00fchmtesten Ausstellung im Bereich nachhaltiger Energie. F\u00fcr Energiefachleute aus aller Welt ist es ein Ort, an dem die aktuellsten Neuigkeiten und Trends im Bereich Solarenergie pr\u00e4sentiert werden. Wenn Sie unsere Vertreter treffen und mehr \u00fcber unsere L\u00f6sungen erfahren m\u00f6chten, k\u00f6nnen Sie sie am Stand unseres strategischen Partners treffen \u2013 dem ECACTUS-Stand (C3-119). Wir freuen uns auf angenehme Treffen!<\/p>\n\n\n\n<p>Weitere Informationen zur Messe finden Sie unter https:\/\/www.intersolar.de\/<\/p>\n\n\n\n<figure data-wp-context=\"{&quot;imageId&quot;:&quot;69f72fbfc7a8f&quot;}\" data-wp-interactive=\"core\/image\" data-wp-key=\"69f72fbfc7a8f\" class=\"wp-block-image size-large wp-lightbox-container\"><img loading=\"lazy\" decoding=\"async\" width=\"1024\" height=\"700\" data-wp-class--hide=\"state.isContentHidden\" data-wp-class--show=\"state.isContentVisible\" data-wp-init=\"callbacks.setButtonStyles\" data-wp-on--click=\"actions.showLightbox\" data-wp-on--load=\"callbacks.setButtonStyles\" data-wp-on-window--resize=\"callbacks.setButtonStyles\" src=\"https:\/\/www.teslaestorage.eu\/wp-content\/uploads\/2024\/10\/TESLA-Battery-Storage-na-veltrhu-Intersolar-Europe-2023-v-Mnichove-1024x700.jpg\" alt=\"\" class=\"wp-image-1223\" srcset=\"https:\/\/www.teslaestorage.eu\/wp-content\/uploads\/2024\/10\/TESLA-Battery-Storage-na-veltrhu-Intersolar-Europe-2023-v-Mnichove-1024x700.jpg 1024w, https:\/\/www.teslaestorage.eu\/wp-content\/uploads\/2024\/10\/TESLA-Battery-Storage-na-veltrhu-Intersolar-Europe-2023-v-Mnichove-300x205.jpg 300w, https:\/\/www.teslaestorage.eu\/wp-content\/uploads\/2024\/10\/TESLA-Battery-Storage-na-veltrhu-Intersolar-Europe-2023-v-Mnichove-768x525.jpg 768w, https:\/\/www.teslaestorage.eu\/wp-content\/uploads\/2024\/10\/TESLA-Battery-Storage-na-veltrhu-Intersolar-Europe-2023-v-Mnichove.jpg 1500w\" sizes=\"auto, (max-width: 1024px) 100vw, 1024px\" \/><button\n\t\t\tclass=\"lightbox-trigger\"\n\t\t\ttype=\"button\"\n\t\t\taria-haspopup=\"dialog\"\n\t\t\taria-label=\"Vergr\u00f6\u00dfern\"\n\t\t\tdata-wp-init=\"callbacks.initTriggerButton\"\n\t\t\tdata-wp-on--click=\"actions.showLightbox\"\n\t\t\tdata-wp-style--right=\"state.imageButtonRight\"\n\t\t\tdata-wp-style--top=\"state.imageButtonTop\"\n\t\t>\n\t\t\t<svg xmlns=\"http:\/\/www.w3.org\/2000\/svg\" width=\"12\" height=\"12\" fill=\"none\" viewBox=\"0 0 12 12\">\n\t\t\t\t<path fill=\"#fff\" d=\"M2 0a2 2 0 0 0-2 2v2h1.5V2a.5.5 0 0 1 .5-.5h2V0H2Zm2 10.5H2a.5.5 0 0 1-.5-.5V8H0v2a2 2 0 0 0 2 2h2v-1.5ZM8 12v-1.5h2a.5.5 0 0 0 .5-.5V8H12v2a2 2 0 0 1-2 2H8Zm2-12a2 2 0 0 1 2 2v2h-1.5V2a.5.5 0 0 0-.5-.5H8V0h2Z\" \/>\n\t\t\t<\/svg>\n\t\t<\/button><\/figure>\n","protected":false},"excerpt":{"rendered":"<p>Vertreter unseres Unternehmens werden an der Messe Intersolar Europe 2023 teilnehmen, der weltweit ber\u00fchmtesten Ausstellung im Bereich nachhaltiger Energie. F\u00fcr Energiefachleute aus aller Welt ist es ein Ort, an dem die aktuellsten Neuigkeiten und Trends im Bereich Solarenergie pr\u00e4sentiert werden. Wenn Sie unsere Vertreter treffen und mehr \u00fcber unsere L\u00f6sungen erfahren m\u00f6chten, k\u00f6nnen Sie sie [&hellip;]<\/p>\n","protected":false},"author":2,"featured_media":2273,"comment_status":"open","ping_status":"open","sticky":false,"template":"","format":"standard","meta":{"footnotes":""},"categories":[5],"tags":[],"class_list":["post-2634","post","type-post","status-publish","format-standard","has-post-thumbnail","hentry","category-unkategorisiert"],"acf":[],"_links":{"self":[{"href":"https:\/\/www.teslaestorage.eu\/de\/wp-json\/wp\/v2\/posts\/2634","targetHints":{"allow":["GET"]}}],"collection":[{"href":"https:\/\/www.teslaestorage.eu\/de\/wp-json\/wp\/v2\/posts"}],"about":[{"href":"https:\/\/www.teslaestorage.eu\/de\/wp-json\/wp\/v2\/types\/post"}],"author":[{"embeddable":true,"href":"https:\/\/www.teslaestorage.eu\/de\/wp-json\/wp\/v2\/users\/2"}],"replies":[{"embeddable":true,"href":"https:\/\/www.teslaestorage.eu\/de\/wp-json\/wp\/v2\/comments?post=2634"}],"version-history":[{"count":1,"href":"https:\/\/www.teslaestorage.eu\/de\/wp-json\/wp\/v2\/posts\/2634\/revisions"}],"predecessor-version":[{"id":2807,"href":"https:\/\/www.teslaestorage.eu\/de\/wp-json\/wp\/v2\/posts\/2634\/revisions\/2807"}],"wp:featuredmedia":[{"embeddable":true,"href":"https:\/\/www.teslaestorage.eu\/de\/wp-json\/wp\/v2\/media\/2273"}],"wp:attachment":[{"href":"https:\/\/www.teslaestorage.eu\/de\/wp-json\/wp\/v2\/media?parent=2634"}],"wp:term":[{"taxonomy":"category","embeddable":true,"href":"https:\/\/www.teslaestorage.eu\/de\/wp-json\/wp\/v2\/categories?post=2634"},{"taxonomy":"post_tag","embeddable":true,"href":"https:\/\/www.teslaestorage.eu\/de\/wp-json\/wp\/v2\/tags?post=2634"}],"curies":[{"name":"wp","href":"https:\/\/api.w.org\/{rel}","templated":true}]}}