{"id":5230,"date":"2025-01-22T13:29:29","date_gmt":"2025-01-22T12:29:29","guid":{"rendered":"https:\/\/www.teslaestorage.eu\/proc-jsou-energeticka-uloziste-pro-polsko-vyhodna\/"},"modified":"2025-01-23T10:03:39","modified_gmt":"2025-01-23T09:03:39","slug":"proc-jsou-energeticka-uloziste-pro-polsko-vyhodna","status":"publish","type":"post","link":"https:\/\/www.teslaestorage.eu\/cs\/proc-jsou-energeticka-uloziste-pro-polsko-vyhodna\/","title":{"rendered":"Pro\u010d jsou energetick\u00e1 \u00falo\u017ei\u0161t\u011b pro Polsko v\u00fdhodn\u00e1?"},"content":{"rendered":"\n<p><strong><a href=\"http:\/\/www.teslaestorage.eu\">Energetick\u00e1 \u00falo\u017ei\u0161t\u011b<\/a><\/strong> pat\u0159\u00ed mezi nejmodern\u011bj\u0161\u00ed a nejefektivn\u011bj\u0161\u00ed n\u00e1stroje pro stabilizaci energetick\u00e9 s\u00edt\u011b, zv\u00fd\u0161en\u00ed pod\u00edlu obnoviteln\u00fdch zdroj\u016f energie a zlep\u0161en\u00ed energetick\u00e9 bezpe\u010dnosti. V kontextu Polska, kter\u00e9 \u010del\u00ed kl\u00ed\u010dov\u00e9 transformaci sv\u00e9ho energetick\u00e9ho mixu, jsou p\u0159\u00ednosy implementace energetick\u00fdch \u00falo\u017ei\u0161\u0165 obzvl\u00e1\u0161t\u011b d\u016fle\u017eit\u00e9. <\/p>\n\n<hr class=\"wp-block-separator has-alpha-channel-opacity\"\/>\n\n<p><strong>1. Stabilizace energetick\u00e9 s\u00edt\u011b<\/strong><br\/>Polsko se pot\u00fdk\u00e1 s \u010dast\u00fdmi v\u00fdkyvy ve v\u00fdrob\u011b a spot\u0159eb\u011b energie. Energetick\u00e1 \u00falo\u017ei\u0161t\u011b umo\u017e\u0148uj\u00ed: <\/p>\n\n<ul class=\"wp-block-list\">\n<li><strong>Vyrovn\u00e1n\u00ed nab\u00eddky a popt\u00e1vky<\/strong>: V situac\u00edch, kdy v\u00fdroba energie p\u0159evy\u0161uje popt\u00e1vku (nap\u0159. b\u011bhem v\u011btrn\u00fdch dn\u016f), je p\u0159ebytek energie ulo\u017een. Naopak p\u0159i \u0161pi\u010dkov\u00e9 popt\u00e1vce, kdy popt\u00e1vka p\u0159evy\u0161uje nab\u00eddku, \u00falo\u017ei\u0161t\u011b dod\u00e1vaj\u00ed ulo\u017eenou energii do s\u00edt\u011b. <\/li>\n\n\n\n<li><strong>Prevence v\u00fdpadk\u016f energie<\/strong>: \u00dalo\u017ei\u0161t\u011b sni\u017euj\u00ed riziko v\u00fdpadk\u016f zp\u016fsoben\u00fdch n\u00e1hl\u00fdmi zm\u011bnami ve v\u00fdrob\u011b nebo spot\u0159eb\u011b energie.<br\/><\/li>\n<\/ul>\n\n<figure class=\"wp-block-image size-large\"><img loading=\"lazy\" decoding=\"async\" width=\"1024\" height=\"611\" src=\"https:\/\/www.teslaestorage.eu\/wp-content\/uploads\/2025\/01\/output-graf-2-1024x611.png\" alt=\"\" class=\"wp-image-5138\" srcset=\"https:\/\/www.teslaestorage.eu\/wp-content\/uploads\/2025\/01\/output-graf-2-1024x611.png 1024w, https:\/\/www.teslaestorage.eu\/wp-content\/uploads\/2025\/01\/output-graf-2-300x179.png 300w, https:\/\/www.teslaestorage.eu\/wp-content\/uploads\/2025\/01\/output-graf-2-768x458.png 768w, https:\/\/www.teslaestorage.eu\/wp-content\/uploads\/2025\/01\/output-graf-2-1536x916.png 1536w, https:\/\/www.teslaestorage.eu\/wp-content\/uploads\/2025\/01\/output-graf-2.png 1979w\" sizes=\"auto, (max-width: 1024px) 100vw, 1024px\" \/><\/figure>\n\n<hr class=\"wp-block-separator has-alpha-channel-opacity\"\/>\n\n<p><strong>2. Integrace obnoviteln\u00fdch zdroj\u016f energie<\/strong><br\/>Polsko pl\u00e1nuje v\u00fdrazn\u011b zv\u00fd\u0161it pod\u00edl obnoviteln\u00fdch zdroj\u016f energie, jako jsou v\u011btrn\u00e9 a sol\u00e1rn\u00ed elektr\u00e1rny. Tyto zdroje jsou v\u0161ak z\u00e1visl\u00e9 na pov\u011btrnostn\u00edch podm\u00ednk\u00e1ch, co\u017e zp\u016fsobuje jejich nestabilitu. Energetick\u00e1 \u00falo\u017ei\u0161t\u011b nab\u00edzej\u00ed \u0159e\u0161en\u00ed:  <\/p>\n\n<ul class=\"wp-block-list\">\n<li><strong>Ukl\u00e1d\u00e1n\u00ed p\u0159ebytk\u016f energie<\/strong>: Kdy\u017e obnoviteln\u00e9 zdroje produkuj\u00ed v\u00edce energie, ne\u017e je pot\u0159eba, p\u0159ebytek lze ulo\u017eit pro pozd\u011bj\u0161\u00ed vyu\u017eit\u00ed.<\/li>\n\n\n\n<li><strong>Podpora no\u010dn\u00ed spot\u0159eby<\/strong>: Sol\u00e1rn\u00ed panely produkuj\u00ed energii b\u011bhem dne, ale \u0161pi\u010dkov\u00e1 spot\u0159eba \u010dasto p\u0159ipad\u00e1 na ve\u010dern\u00ed hodiny. \u00dalo\u017ei\u0161t\u011b umo\u017e\u0148uj\u00ed uchov\u00e1n\u00ed denn\u00ed energie pro pou\u017eit\u00ed ve\u010der. <\/li>\n<\/ul>\n\n<p><\/p>\n\n<hr class=\"wp-block-separator has-alpha-channel-opacity\"\/>\n\n<p><strong>3. Energetick\u00e1 nez\u00e1vislost<\/strong><br\/>Polsko bylo historicky z\u00e1visl\u00e9 na uhl\u00ed a dovozu plynu z Ruska, co\u017e ho \u010din\u00ed zraniteln\u00fdm v\u016f\u010di geopolitick\u00fdm a tr\u017en\u00edm faktor\u016fm. Energetick\u00e1 \u00falo\u017ei\u0161t\u011b mohou p\u0159isp\u011bt k: <\/p>\n\n<ul class=\"wp-block-list\">\n<li><strong>Sn\u00ed\u017een\u00ed z\u00e1vislosti na fosiln\u00edch palivech<\/strong>: Umo\u017e\u0148uj\u00ed efektivn\u00ed vyu\u017eit\u00ed dom\u00e1c\u00edch obnoviteln\u00fdch zdroj\u016f energie.<\/li>\n\n\n\n<li><strong>Budov\u00e1n\u00ed energetick\u00e9 suverenity<\/strong>: \u00dalo\u017ei\u0161t\u011b podporuj\u00ed rozvoj decentralizovan\u00e9 energetick\u00e9 infrastruktury, kter\u00e1 je m\u00e9n\u011b z\u00e1visl\u00e1 na extern\u00edch dod\u00e1vk\u00e1ch.<\/li>\n<\/ul>\n\n<p><\/p>\n\n<hr class=\"wp-block-separator has-alpha-channel-opacity\"\/>\n\n<p><strong>4. Ekonomick\u00e9 p\u0159\u00ednosy<\/strong><br\/>Energetick\u00e1 \u00falo\u017ei\u0161t\u011b mohou podpo\u0159it hospod\u00e1\u0159sk\u00fd rozvoj Polska prost\u0159ednictv\u00edm:<\/p>\n\n<ul class=\"wp-block-list\">\n<li><strong>Zv\u00fd\u0161en\u00ed atraktivity pro investory<\/strong>: Modern\u00ed a stabiln\u00ed energetick\u00e1 infrastruktura p\u0159itahuje zahrani\u010dn\u00ed investice, zejm\u00e9na v oblasti obnoviteln\u00fdch zdroj\u016f a technologi\u00ed.<\/li>\n\n\n\n<li><strong>Vytv\u00e1\u0159en\u00ed pracovn\u00edch m\u00edst<\/strong>: V\u00fdstavba, provoz a \u00fadr\u017eba energetick\u00fdch \u00falo\u017ei\u0161\u0165 podporuj\u00ed zam\u011bstnanost v technologick\u00e9m a energetick\u00e9m sektoru.<\/li>\n\n\n\n<li><strong>\u00daspory pro spot\u0159ebitele<\/strong>: Lep\u0161\u00ed stabilizace cen energie a efektivn\u011bj\u0161\u00ed distribuce sni\u017euj\u00ed n\u00e1klady na energii pro dom\u00e1cnosti a podniky.<\/li>\n<\/ul>\n\n<p><\/p>\n\n<hr class=\"wp-block-separator has-alpha-channel-opacity\"\/>\n\n<p><strong>5. Podpora klimatick\u00fdch c\u00edl\u016f<\/strong><br\/>Polsko je zav\u00e1z\u00e1no sni\u017eovat emise sklen\u00edkov\u00fdch plyn\u016f v souladu s c\u00edli Evropsk\u00e9 unie. Energetick\u00e1 \u00falo\u017ei\u0161t\u011b p\u0159isp\u00edvaj\u00ed k pln\u011bn\u00ed t\u011bchto c\u00edl\u016f: <\/p>\n\n<ul class=\"wp-block-list\">\n<li><strong>Sn\u00ed\u017een\u00ed emis\u00ed CO\u2082<\/strong>: Efektivn\u00ed ukl\u00e1d\u00e1n\u00ed energie z obnoviteln\u00fdch zdroj\u016f sni\u017euje pot\u0159ebu vyu\u017e\u00edv\u00e1n\u00ed uheln\u00fdch elektr\u00e1ren b\u011bhem \u0161pi\u010dkov\u00e9 popt\u00e1vky.<\/li>\n\n\n\n<li><strong>Podpora zelen\u00fdch technologi\u00ed<\/strong>: Energetick\u00e1 \u00falo\u017ei\u0161t\u011b jsou kl\u00ed\u010dov\u00fdm prvkem p\u0159i budov\u00e1n\u00ed udr\u017eiteln\u00e9 energetick\u00e9 infrastruktury.<\/li>\n<\/ul>\n\n<p><\/p>\n\n<hr class=\"wp-block-separator has-alpha-channel-opacity\"\/>\n\n<p><strong>6. Flexibilita do budoucna<\/strong><br\/>Energetick\u00e1 \u00falo\u017ei\u0161t\u011b jsou univerz\u00e1ln\u00ed \u0159e\u0161en\u00ed, kter\u00e1 mohou reagovat na m\u011bn\u00edc\u00ed se pot\u0159eby energetick\u00e9ho trhu:<\/p>\n\n<ul class=\"wp-block-list\">\n<li><strong>Podpora elektromobility<\/strong> : S rostouc\u00edm po\u010dtem elektrick\u00fdch vozidel mohou energetick\u00e1 \u00falo\u017ei\u0161t\u011b slou\u017eit pro rychl\u00e9 nab\u00edjen\u00ed a stabilizaci s\u00edt\u011b.<\/li>\n\n\n\n<li><strong>Energetick\u00e1 rezerva<\/strong>: V krizov\u00fdch situac\u00edch mohou \u00falo\u017ei\u0161t\u011b fungovat jako okam\u017eit\u00fd zdroj energie, \u010d\u00edm\u017e zvy\u0161uj\u00ed odolnost energetick\u00e9 infrastruktury.<\/li>\n<\/ul>\n\n<p><\/p>\n\n<hr class=\"wp-block-separator has-alpha-channel-opacity\"\/>\n\n<p><strong>Role TESLA ENERGY GROUP v tomto procesu<\/strong><br\/>Spole\u010dnost TESLA ENERGY GROUP m\u016f\u017ee b\u00fdt strategick\u00fdm partnerem Polska p\u0159i realizaci a rozvoji projekt\u016f energetick\u00fdch \u00falo\u017ei\u0161\u0165. D\u00edky sv\u00fdm znalostem, modern\u00edm technologi\u00edm a zku\u0161enostem v regionu st\u0159edn\u00ed a v\u00fdchodn\u00ed Evropy nab\u00edz\u00ed: <\/p>\n\n<ul class=\"wp-block-list\">\n<li><strong>Inovativn\u00ed technologie<\/strong>: \u00dalo\u017ei\u0161t\u011b navr\u017een\u00e1 TESLA ENERGY GROUP jsou vybavena nejmodern\u011bj\u0161\u00edmi syst\u00e9my \u0159\u00edzen\u00ed a vysokou kapacitou, kter\u00e9 podporuj\u00ed stabilitu s\u00edt\u011b.<\/li>\n\n\n\n<li><strong>Lok\u00e1ln\u00ed v\u00fdroba<\/strong>: Jako evropsk\u00fd v\u00fdrobce se spole\u010dnost m\u016f\u017ee flexibiln\u011b p\u0159izp\u016fsobit specifik\u016fm polsk\u00e9ho trhu a zajistit dod\u00e1vky bez logistick\u00fdch omezen\u00ed.<\/li>\n\n\n\n<li><strong>Komplexn\u00ed podpora<\/strong>: Od n\u00e1vrhu p\u0159es realizaci a\u017e po \u00fadr\u017ebu \u2013 TESLA ENERGY GROUP poskytuje komplexn\u00ed slu\u017eby, kter\u00e9 minimalizuj\u00ed rizika pro investory.<\/li>\n<\/ul>\n\n<p><\/p>\n\n<hr class=\"wp-block-separator has-alpha-channel-opacity\"\/>\n\n<p><br\/>Prodej energetick\u00fdch \u00falo\u017ei\u0161\u0165 v Polsku p\u0159in\u00e1\u0161\u00ed p\u0159\u00ednosy nejen v oblasti energetick\u00e9 stability, ale tak\u00e9 pro hospod\u00e1\u0159sk\u00fd rozvoj a ochranu \u017eivotn\u00edho prost\u0159ed\u00ed. V kontextu rostouc\u00ed popt\u00e1vky po modern\u00edch technologi\u00edch a podpory ze strany Evropsk\u00e9 unie se energetick\u00e1 \u00falo\u017ei\u0161t\u011b st\u00e1vaj\u00ed neodd\u011blitelnou sou\u010d\u00e1st\u00ed budoucnosti polsk\u00e9 energetiky. <\/p>\n\n<p>Spolupr\u00e1ce se zku\u0161en\u00fdmi partnery, jako je TESLA ENERGY GROUP, m\u016f\u017ee Polsku pomoci pln\u011b vyu\u017e\u00edt t\u011bchto p\u0159\u00edle\u017eitost\u00ed. D\u00edky sv\u00fdm zku\u0161enostem, etablovan\u00e9 pozici na trhu a region\u00e1ln\u00edmu dosahu m\u00e1 TESLA ENERGY GROUP potenci\u00e1l st\u00e1t se kl\u00ed\u010dov\u00fdm hr\u00e1\u010dem na polsk\u00e9m trhu a p\u0159isp\u011bt k budov\u00e1n\u00ed udr\u017eiteln\u00e9 energetick\u00e9 infrastruktury v zemi. <\/p>\n\n<p><\/p>\n\n<figure class=\"wp-block-embed is-type-video is-provider-youtube wp-block-embed-youtube wp-embed-aspect-16-9 wp-has-aspect-ratio\"><div class=\"wp-block-embed__wrapper\"> \n<iframe loading=\"lazy\" title=\"MANUFACTURER BESS - TESLA ENERGY GROUP\" width=\"500\" height=\"281\" src=\"https:\/\/www.youtube.com\/embed\/Qa0iZLXL-0w?feature=oembed\" frameborder=\"0\" allow=\"accelerometer; autoplay; clipboard-write; encrypted-media; gyroscope; picture-in-picture; web-share\" referrerpolicy=\"strict-origin-when-cross-origin\" allowfullscreen><\/iframe>\n <\/div><\/figure>\n\n<p><\/p>\n","protected":false},"excerpt":{"rendered":"<p>Energetick\u00e1 \u00falo\u017ei\u0161t\u011b pat\u0159\u00ed mezi nejmodern\u011bj\u0161\u00ed a nejefektivn\u011bj\u0161\u00ed n\u00e1stroje pro stabilizaci energetick\u00e9 s\u00edt\u011b, zv\u00fd\u0161en\u00ed pod\u00edlu obnoviteln\u00fdch zdroj\u016f energie a zlep\u0161en\u00ed energetick\u00e9 bezpe\u010dnosti. V kontextu Polska, kter\u00e9 \u010del\u00ed kl\u00ed\u010dov\u00e9 transformaci sv\u00e9ho energetick\u00e9ho mixu, jsou p\u0159\u00ednosy implementace energetick\u00fdch \u00falo\u017ei\u0161\u0165 obzvl\u00e1\u0161t\u011b d\u016fle\u017eit\u00e9. 1. Stabilizace energetick\u00e9 s\u00edt\u011bPolsko se pot\u00fdk\u00e1 s \u010dast\u00fdmi v\u00fdkyvy ve v\u00fdrob\u011b a spot\u0159eb\u011b energie. Energetick\u00e1 \u00falo\u017ei\u0161t\u011b umo\u017e\u0148uj\u00ed: [&hellip;]<\/p>\n","protected":false},"author":3,"featured_media":5184,"comment_status":"open","ping_status":"open","sticky":false,"template":"","format":"standard","meta":{"footnotes":""},"categories":[4],"tags":[],"class_list":["post-5230","post","type-post","status-publish","format-standard","has-post-thumbnail","hentry","category-uncategorized-cs"],"acf":[],"_links":{"self":[{"href":"https:\/\/www.teslaestorage.eu\/cs\/wp-json\/wp\/v2\/posts\/5230","targetHints":{"allow":["GET"]}}],"collection":[{"href":"https:\/\/www.teslaestorage.eu\/cs\/wp-json\/wp\/v2\/posts"}],"about":[{"href":"https:\/\/www.teslaestorage.eu\/cs\/wp-json\/wp\/v2\/types\/post"}],"author":[{"embeddable":true,"href":"https:\/\/www.teslaestorage.eu\/cs\/wp-json\/wp\/v2\/users\/3"}],"replies":[{"embeddable":true,"href":"https:\/\/www.teslaestorage.eu\/cs\/wp-json\/wp\/v2\/comments?post=5230"}],"version-history":[{"count":1,"href":"https:\/\/www.teslaestorage.eu\/cs\/wp-json\/wp\/v2\/posts\/5230\/revisions"}],"predecessor-version":[{"id":5231,"href":"https:\/\/www.teslaestorage.eu\/cs\/wp-json\/wp\/v2\/posts\/5230\/revisions\/5231"}],"wp:featuredmedia":[{"embeddable":true,"href":"https:\/\/www.teslaestorage.eu\/cs\/wp-json\/wp\/v2\/media\/5184"}],"wp:attachment":[{"href":"https:\/\/www.teslaestorage.eu\/cs\/wp-json\/wp\/v2\/media?parent=5230"}],"wp:term":[{"taxonomy":"category","embeddable":true,"href":"https:\/\/www.teslaestorage.eu\/cs\/wp-json\/wp\/v2\/categories?post=5230"},{"taxonomy":"post_tag","embeddable":true,"href":"https:\/\/www.teslaestorage.eu\/cs\/wp-json\/wp\/v2\/tags?post=5230"}],"curies":[{"name":"wp","href":"https:\/\/api.w.org\/{rel}","templated":true}]}}