{"id":2662,"date":"2023-06-01T23:21:00","date_gmt":"2023-06-01T21:21:00","guid":{"rendered":"https:\/\/www.teslaestorage.eu\/tesla-energy-holding-sucastou-jarnej-konferencie-spx\/"},"modified":"2024-10-11T09:41:41","modified_gmt":"2024-10-11T07:41:41","slug":"tesla-energy-holding-sucastou-jarnej-konferencie-spx","status":"publish","type":"post","link":"https:\/\/www.teslaestorage.eu\/cs\/tesla-energy-holding-sucastou-jarnej-konferencie-spx\/","title":{"rendered":"TESLA Energy Holding sou\u010d\u00e1st\u00ed jarn\u00ed konference SPX"},"content":{"rendered":"\n<p>N\u00e1\u0161 obchodn\u00ed \u0159editel Peter Stan\u010d\u00edk se 1. \u010dervna 2023 z\u00fa\u010dastnil panelov\u00e9 diskuze o sou\u010dasnosti a budoucnosti bateriov\u00fdch \u0159e\u0161en\u00ed v energetice v r\u00e1mci jarn\u00ed konference SPX.<\/p>\n\n\n\n<p>Peter Stan\u010d\u00edk b\u011bhem panelu vyzdvihl v\u00fdhody na\u0161ich bateriov\u00fdch \u00falo\u017ei\u0161\u0165 a spole\u010dn\u011b s dal\u0161\u00edmi \u0159e\u010dn\u00edky diskutovali o aktu\u00e1ln\u00edch v\u00fdzv\u00e1ch tohoto odv\u011btv\u00ed.&nbsp;&nbsp;Jejich p\u0159\u00edsp\u011bvky se t\u00fdkaly n\u011bkolika kl\u00ed\u010dov\u00fdch ot\u00e1zek \u2013 pro\u010d je v\u00fdvoj s instalac\u00ed BESS na Slovensku jin\u00fd ne\u017e ve zbytku Evropy, jak\u00e9 je legislativn\u00ed prost\u0159ed\u00ed pro fungov\u00e1n\u00ed bateriov\u00fdch syst\u00e9m\u016f na Slovensku, ale tak\u00e9 se zab\u00fdvali technick\u00fdmi a ekonomick\u00fdmi aspekty BESS.<\/p>\n\n\n\n<p>Konference se z\u00fa\u010dastnili z\u00e1stupci v\u00fdznamn\u00fdch energetick\u00fdch spole\u010dnost\u00ed a zazn\u011blo mnoho zaj\u00edmav\u00fdch n\u00e1zor\u016f na sou\u010dasn\u00fd stav slovensk\u00e9 energetiky. Jsme r\u00e1di, \u017ee jsme mohli p\u0159isp\u011bt sv\u00fdm kvalifikovan\u00fdm pohledem na toto t\u00e9ma.<\/p>\n","protected":false},"excerpt":{"rendered":"<p>N\u00e1\u0161 obchodn\u00ed \u0159editel Peter Stan\u010d\u00edk se 1. \u010dervna 2023 z\u00fa\u010dastnil panelov\u00e9 diskuze o sou\u010dasnosti a budoucnosti bateriov\u00fdch \u0159e\u0161en\u00ed v energetice v r\u00e1mci jarn\u00ed konference SPX. Peter Stan\u010d\u00edk b\u011bhem panelu vyzdvihl v\u00fdhody na\u0161ich bateriov\u00fdch \u00falo\u017ei\u0161\u0165 a spole\u010dn\u011b s dal\u0161\u00edmi \u0159e\u010dn\u00edky diskutovali o aktu\u00e1ln\u00edch v\u00fdzv\u00e1ch tohoto odv\u011btv\u00ed.&nbsp;&nbsp;Jejich p\u0159\u00edsp\u011bvky se t\u00fdkaly n\u011bkolika kl\u00ed\u010dov\u00fdch ot\u00e1zek \u2013 pro\u010d je v\u00fdvoj [&hellip;]<\/p>\n","protected":false},"author":2,"featured_media":2196,"comment_status":"open","ping_status":"open","sticky":false,"template":"","format":"standard","meta":{"footnotes":""},"categories":[4],"tags":[],"class_list":["post-2662","post","type-post","status-publish","format-standard","has-post-thumbnail","hentry","category-uncategorized-cs"],"acf":[],"_links":{"self":[{"href":"https:\/\/www.teslaestorage.eu\/cs\/wp-json\/wp\/v2\/posts\/2662","targetHints":{"allow":["GET"]}}],"collection":[{"href":"https:\/\/www.teslaestorage.eu\/cs\/wp-json\/wp\/v2\/posts"}],"about":[{"href":"https:\/\/www.teslaestorage.eu\/cs\/wp-json\/wp\/v2\/types\/post"}],"author":[{"embeddable":true,"href":"https:\/\/www.teslaestorage.eu\/cs\/wp-json\/wp\/v2\/users\/2"}],"replies":[{"embeddable":true,"href":"https:\/\/www.teslaestorage.eu\/cs\/wp-json\/wp\/v2\/comments?post=2662"}],"version-history":[{"count":1,"href":"https:\/\/www.teslaestorage.eu\/cs\/wp-json\/wp\/v2\/posts\/2662\/revisions"}],"predecessor-version":[{"id":2771,"href":"https:\/\/www.teslaestorage.eu\/cs\/wp-json\/wp\/v2\/posts\/2662\/revisions\/2771"}],"wp:featuredmedia":[{"embeddable":true,"href":"https:\/\/www.teslaestorage.eu\/cs\/wp-json\/wp\/v2\/media\/2196"}],"wp:attachment":[{"href":"https:\/\/www.teslaestorage.eu\/cs\/wp-json\/wp\/v2\/media?parent=2662"}],"wp:term":[{"taxonomy":"category","embeddable":true,"href":"https:\/\/www.teslaestorage.eu\/cs\/wp-json\/wp\/v2\/categories?post=2662"},{"taxonomy":"post_tag","embeddable":true,"href":"https:\/\/www.teslaestorage.eu\/cs\/wp-json\/wp\/v2\/tags?post=2662"}],"curies":[{"name":"wp","href":"https:\/\/api.w.org\/{rel}","templated":true}]}}