{"id":2632,"date":"2024-10-08T00:01:00","date_gmt":"2024-10-07T22:01:00","guid":{"rendered":"https:\/\/www.teslaestorage.eu\/tesla-battery-storage-na-veltrhu-intersolar-europe-2023-v-mnichove\/"},"modified":"2024-10-11T11:19:38","modified_gmt":"2024-10-11T09:19:38","slug":"tesla-battery-storage-na-veltrhu-intersolar-europe-2023-v-mnichove","status":"publish","type":"post","link":"https:\/\/www.teslaestorage.eu\/cs\/tesla-battery-storage-na-veltrhu-intersolar-europe-2023-v-mnichove\/","title":{"rendered":"TESLA Battery Storage na veletrhu Intersolar Europe 2023 v Mnichov\u011b"},"content":{"rendered":"\n<p>Z\u00e1stupci na\u0161\u00ed spole\u010dnosti se z\u00fa\u010dastn\u00ed veletrhu Intersolar Europe 2023, kter\u00e1 je nejzn\u00e1m\u011bj\u0161\u00ed sv\u011btovou v\u00fdstavou v oblasti udr\u017eiteln\u00e9 energie. Pro energetiky z cel\u00e9ho sv\u011bta jde o prostor, kde jsou prezentov\u00e1ny nej\u017ehav\u011bj\u0161\u00ed novinky a trendy v sol\u00e1rn\u00ed energii. V p\u0159\u00edpad\u011b, \u017ee byste cht\u011bli setkat na\u0161e z\u00e1stupce a dozv\u011bd\u011bt se v\u00edce o na\u0161ich \u0159e\u0161en\u00edch, m\u016f\u017eete je setkat ve st\u00e1nku na\u0161eho strategick\u00e9ho partnera \u2013 ve st\u00e1nku ECACTUS (C3-119). T\u011b\u0161\u00edme se na p\u0159\u00edjemn\u00e1 setk\u00e1n\u00ed!<\/p>\n\n\n\n<p>V\u00edce informac\u00ed o veletrhu naleznete na str\u00e1nce https:\/\/www.intersolar.de\/<\/p>\n\n\n\n<figure data-wp-context=\"{&quot;imageId&quot;:&quot;69f71c1712f50&quot;}\" data-wp-interactive=\"core\/image\" data-wp-key=\"69f71c1712f50\" class=\"wp-block-image size-large wp-lightbox-container\"><img loading=\"lazy\" decoding=\"async\" width=\"1024\" height=\"700\" data-wp-class--hide=\"state.isContentHidden\" data-wp-class--show=\"state.isContentVisible\" data-wp-init=\"callbacks.setButtonStyles\" data-wp-on--click=\"actions.showLightbox\" data-wp-on--load=\"callbacks.setButtonStyles\" data-wp-on-window--resize=\"callbacks.setButtonStyles\" src=\"https:\/\/www.teslaestorage.eu\/wp-content\/uploads\/2024\/10\/TESLA-Battery-Storage-na-veltrhu-Intersolar-Europe-2023-v-Mnichove-1024x700.jpg\" alt=\"\" class=\"wp-image-1223\" srcset=\"https:\/\/www.teslaestorage.eu\/wp-content\/uploads\/2024\/10\/TESLA-Battery-Storage-na-veltrhu-Intersolar-Europe-2023-v-Mnichove-1024x700.jpg 1024w, https:\/\/www.teslaestorage.eu\/wp-content\/uploads\/2024\/10\/TESLA-Battery-Storage-na-veltrhu-Intersolar-Europe-2023-v-Mnichove-300x205.jpg 300w, https:\/\/www.teslaestorage.eu\/wp-content\/uploads\/2024\/10\/TESLA-Battery-Storage-na-veltrhu-Intersolar-Europe-2023-v-Mnichove-768x525.jpg 768w, https:\/\/www.teslaestorage.eu\/wp-content\/uploads\/2024\/10\/TESLA-Battery-Storage-na-veltrhu-Intersolar-Europe-2023-v-Mnichove.jpg 1500w\" sizes=\"auto, (max-width: 1024px) 100vw, 1024px\" \/><button\n\t\t\tclass=\"lightbox-trigger\"\n\t\t\ttype=\"button\"\n\t\t\taria-haspopup=\"dialog\"\n\t\t\taria-label=\"Zv\u011bt\u0161it\"\n\t\t\tdata-wp-init=\"callbacks.initTriggerButton\"\n\t\t\tdata-wp-on--click=\"actions.showLightbox\"\n\t\t\tdata-wp-style--right=\"state.imageButtonRight\"\n\t\t\tdata-wp-style--top=\"state.imageButtonTop\"\n\t\t>\n\t\t\t<svg xmlns=\"http:\/\/www.w3.org\/2000\/svg\" width=\"12\" height=\"12\" fill=\"none\" viewBox=\"0 0 12 12\">\n\t\t\t\t<path fill=\"#fff\" d=\"M2 0a2 2 0 0 0-2 2v2h1.5V2a.5.5 0 0 1 .5-.5h2V0H2Zm2 10.5H2a.5.5 0 0 1-.5-.5V8H0v2a2 2 0 0 0 2 2h2v-1.5ZM8 12v-1.5h2a.5.5 0 0 0 .5-.5V8H12v2a2 2 0 0 1-2 2H8Zm2-12a2 2 0 0 1 2 2v2h-1.5V2a.5.5 0 0 0-.5-.5H8V0h2Z\" \/>\n\t\t\t<\/svg>\n\t\t<\/button><\/figure>\n","protected":false},"excerpt":{"rendered":"<p>Z\u00e1stupci na\u0161\u00ed spole\u010dnosti se z\u00fa\u010dastn\u00ed veletrhu Intersolar Europe 2023, kter\u00e1 je nejzn\u00e1m\u011bj\u0161\u00ed sv\u011btovou v\u00fdstavou v oblasti udr\u017eiteln\u00e9 energie. Pro energetiky z cel\u00e9ho sv\u011bta jde o prostor, kde jsou prezentov\u00e1ny nej\u017ehav\u011bj\u0161\u00ed novinky a trendy v sol\u00e1rn\u00ed energii. V p\u0159\u00edpad\u011b, \u017ee byste cht\u011bli setkat na\u0161e z\u00e1stupce a dozv\u011bd\u011bt se v\u00edce o na\u0161ich \u0159e\u0161en\u00edch, m\u016f\u017eete je setkat ve [&hellip;]<\/p>\n","protected":false},"author":2,"featured_media":2271,"comment_status":"open","ping_status":"open","sticky":false,"template":"","format":"standard","meta":{"footnotes":""},"categories":[4],"tags":[],"class_list":["post-2632","post","type-post","status-publish","format-standard","has-post-thumbnail","hentry","category-uncategorized-cs"],"acf":[],"_links":{"self":[{"href":"https:\/\/www.teslaestorage.eu\/cs\/wp-json\/wp\/v2\/posts\/2632","targetHints":{"allow":["GET"]}}],"collection":[{"href":"https:\/\/www.teslaestorage.eu\/cs\/wp-json\/wp\/v2\/posts"}],"about":[{"href":"https:\/\/www.teslaestorage.eu\/cs\/wp-json\/wp\/v2\/types\/post"}],"author":[{"embeddable":true,"href":"https:\/\/www.teslaestorage.eu\/cs\/wp-json\/wp\/v2\/users\/2"}],"replies":[{"embeddable":true,"href":"https:\/\/www.teslaestorage.eu\/cs\/wp-json\/wp\/v2\/comments?post=2632"}],"version-history":[{"count":1,"href":"https:\/\/www.teslaestorage.eu\/cs\/wp-json\/wp\/v2\/posts\/2632\/revisions"}],"predecessor-version":[{"id":2804,"href":"https:\/\/www.teslaestorage.eu\/cs\/wp-json\/wp\/v2\/posts\/2632\/revisions\/2804"}],"wp:featuredmedia":[{"embeddable":true,"href":"https:\/\/www.teslaestorage.eu\/cs\/wp-json\/wp\/v2\/media\/2271"}],"wp:attachment":[{"href":"https:\/\/www.teslaestorage.eu\/cs\/wp-json\/wp\/v2\/media?parent=2632"}],"wp:term":[{"taxonomy":"category","embeddable":true,"href":"https:\/\/www.teslaestorage.eu\/cs\/wp-json\/wp\/v2\/categories?post=2632"},{"taxonomy":"post_tag","embeddable":true,"href":"https:\/\/www.teslaestorage.eu\/cs\/wp-json\/wp\/v2\/tags?post=2632"}],"curies":[{"name":"wp","href":"https:\/\/api.w.org\/{rel}","templated":true}]}}